{"id":33512,"date":"2026-08-31T13:28:49","date_gmt":"2026-08-31T11:28:49","guid":{"rendered":"https:\/\/bpzoliborz.pl\/bpzoliborz\/?p=33512"},"modified":"2026-08-31T13:57:29","modified_gmt":"2026-08-31T11:57:29","slug":"100-urodziny-placu-wilsona","status":"publish","type":"post","link":"https:\/\/bpzoliborz.pl\/bpzoliborz\/index.php\/2026\/08\/31\/100-urodziny-placu-wilsona\/","title":{"rendered":"100. Urodziny Placu Wilsona"},"content":{"rendered":"\n<p class=\"has-text-align-center\">Rada i Zarz\u0105d Dzielnicy \u017boliborz zapraszaj\u0105 na 100. Urodziny Placu Wilsona.<\/p>\n\n\n\n<p><strong>Szanowni Pa\u0144stwo! Taka okazja nie trafia si\u0119 co sobot\u0119. Plac Wilsona ko\u0144czy sto lat! A sto lat, jak wiadomo, to ju\u017c wiek powa\u017cny, ale \u017ceby zaraz siedzie\u0107 cicho i wspomina\u0107 m\u0142odo\u015b\u0107? Nic z tych rzeczy!<\/strong><\/p>\n\n\n\n<p><strong>5 wrze\u015bnia Park \u017beromskiego<\/strong> zamieni si\u0119 w urodzinowy salon pod go\u0142ym niebem, a zabawa potrwa <strong>od 13.00 a\u017c do 22.00.<\/strong><\/p>\n\n\n\n<p>Nad wszystkim czuwa Gospodyni Dzielnicy. A skoro Gospodyni zaprasza, to wiadomo \u2013 muzyka ma gra\u0107, dzieci maj\u0105 si\u0119 \u015bmia\u0107, go\u015bcie dobrze bawi\u0107, a st\u00f3\u0142 pusty sta\u0107 nie mo\u017ce.<\/p>\n\n\n\n<p>I b\u0119dzie si\u0119 dzia\u0142o! <strong>\u015apiewaj\u0105ce Brzd\u0105ce<\/strong> zadbaj\u0105 o najm\u0142odsz\u0105 publiczno\u015b\u0107, p\u00f3\u017aniej na scen\u0119 wkroczy <strong>Kuba Badach<\/strong>, a wieczorem zagra <strong>Pectus<\/strong>. Ca\u0142e towarzystwo przez dzie\u0144 poprowadzi <strong>Maciej Miecznikowski<\/strong>.<\/p>\n\n\n\n<p>A poza scen\u0105? Kataryniarz zakr\u0119ci korbk\u0105, szczudlarze spojrz\u0105 na \u017boliborz z nieco wy\u017cszej perspektywy, mimowie \u2013 jak to mimowie \u2013 powiedz\u0105 wszystko bez jednego s\u0142owa. B\u0119d\u0105 warsztaty kreatywne, sport, karuzela wenecka, atrakcje dla dzieci, badania diagnostyczne, co\u015b dobrego na z\u0105b i, rzecz jasna, urodzinowy tort. Bo jubilat mo\u017ce mie\u0107 sto lat, ale \u015bwieczek i s\u0142odko\u015bci odmawia\u0107 mu nie b\u0119dziemy.<\/p>\n\n\n\n<p class=\"has-text-align-center\"><span class=\"has-inline-color has-neve-link-hover-color-color\"><strong>5 wrze\u015bnia 2026 r. | sobota<br>13.00\u201322.00<br>Park \u017beromskiego<\/strong><\/span><\/p>\n\n\n\n<figure class=\"wp-block-image size-large is-resized\"><img loading=\"lazy\" src=\"https:\/\/bpzoliborz.pl\/bpzoliborz\/wp-content\/uploads\/2026\/08\/100-urodziny-placu-wilsona-atrakcje.jpg\" alt=\"\" class=\"wp-image-33514\" width=\"777\" height=\"344\" srcset=\"https:\/\/bpzoliborz.pl\/bpzoliborz\/wp-content\/uploads\/2026\/08\/100-urodziny-placu-wilsona-atrakcje.jpg 1079w, https:\/\/bpzoliborz.pl\/bpzoliborz\/wp-content\/uploads\/2026\/08\/100-urodziny-placu-wilsona-atrakcje-768x340.jpg 768w\" sizes=\"(max-width: 777px) 100vw, 777px\" \/><\/figure>\n\n\n\n<p>Uprasza si\u0119 zatem dat\u0119 w kajeciku zanotowa\u0107, famili\u0119 skrzykn\u0105\u0107, s\u0105siada zawiadomi\u0107 i na Wilsona przyby\u0107.<\/p>\n\n\n\n<p><strong>Strefa piknikowa w godzinach 13:00 -19:00<\/strong><\/p>\n\n\n\n<p><span class=\"has-inline-color has-neve-link-hover-color-color\"><strong>Szukajcie tu r\u00f3wnie\u017c naszego bibliotecznego stoiska \u2013 szykujemy dla Was warsztaty \ud83d\ude42<\/strong><\/span><\/p>\n\n\n\n<p><strong>Koncerty:<\/strong><br>godz. 14:00 \u015apiewaj\u0105ce Brzd\u0105ce<br>godz. 18:30 Kuba Badach<br>godz. 20:30 Pectus<\/p>\n","protected":false},"excerpt":{"rendered":"<p>Rada i Zarz\u0105d Dzielnicy \u017boliborz zapraszaj\u0105 na 100. Urodziny Placu Wilsona. Szanowni Pa\u0144stwo! Taka okazja nie trafia si\u0119 co sobot\u0119. Plac Wilsona ko\u0144czy sto lat! A sto lat, jak wiadomo, to ju\u017c wiek powa\u017cny, ale \u017ceby zaraz siedzie\u0107 cicho i wspomina\u0107 m\u0142odo\u015b\u0107? Nic z tych rzeczy! 5 wrze\u015bnia Park \u017beromskiego zamieni si\u0119 w urodzinowy salon&hellip;&nbsp;<a href=\"https:\/\/bpzoliborz.pl\/bpzoliborz\/index.php\/2026\/08\/31\/100-urodziny-placu-wilsona\/\" class=\"\" rel=\"bookmark\">Czytaj wi\u0119cej &raquo;<span class=\"screen-reader-text\">100. Urodziny Placu Wilsona<\/span><\/a><\/p>\n","protected":false},"author":11,"featured_media":33513,"comment_status":"closed","ping_status":"closed","sticky":false,"template":"","format":"standard","meta":{"_stopmodifiedupdate":false,"_modified_date":"","_eb_attr":"","neve_meta_sidebar":"","neve_meta_container":"","neve_meta_enable_content_width":"","neve_meta_content_width":0,"neve_meta_title_alignment":"","neve_meta_author_avatar":"","neve_post_elements_order":"","neve_meta_disable_header":"","neve_meta_disable_footer":"","neve_meta_disable_title":""},"categories":[5],"tags":[2278,1091],"_links":{"self":[{"href":"https:\/\/bpzoliborz.pl\/bpzoliborz\/index.php\/wp-json\/wp\/v2\/posts\/33512"}],"collection":[{"href":"https:\/\/bpzoliborz.pl\/bpzoliborz\/index.php\/wp-json\/wp\/v2\/posts"}],"about":[{"href":"https:\/\/bpzoliborz.pl\/bpzoliborz\/index.php\/wp-json\/wp\/v2\/types\/post"}],"author":[{"embeddable":true,"href":"https:\/\/bpzoliborz.pl\/bpzoliborz\/index.php\/wp-json\/wp\/v2\/users\/11"}],"replies":[{"embeddable":true,"href":"https:\/\/bpzoliborz.pl\/bpzoliborz\/index.php\/wp-json\/wp\/v2\/comments?post=33512"}],"version-history":[{"count":3,"href":"https:\/\/bpzoliborz.pl\/bpzoliborz\/index.php\/wp-json\/wp\/v2\/posts\/33512\/revisions"}],"predecessor-version":[{"id":33519,"href":"https:\/\/bpzoliborz.pl\/bpzoliborz\/index.php\/wp-json\/wp\/v2\/posts\/33512\/revisions\/33519"}],"wp:featuredmedia":[{"embeddable":true,"href":"https:\/\/bpzoliborz.pl\/bpzoliborz\/index.php\/wp-json\/wp\/v2\/media\/33513"}],"wp:attachment":[{"href":"https:\/\/bpzoliborz.pl\/bpzoliborz\/index.php\/wp-json\/wp\/v2\/media?parent=33512"}],"wp:term":[{"taxonomy":"category","embeddable":true,"href":"https:\/\/bpzoliborz.pl\/bpzoliborz\/index.php\/wp-json\/wp\/v2\/categories?post=33512"},{"taxonomy":"post_tag","embeddable":true,"href":"https:\/\/bpzoliborz.pl\/bpzoliborz\/index.php\/wp-json\/wp\/v2\/tags?post=33512"}],"curies":[{"name":"wp","href":"https:\/\/api.w.org\/{rel}","templated":true}]}}