{"id":33505,"date":"2026-08-31T12:50:02","date_gmt":"2026-08-31T10:50:02","guid":{"rendered":"https:\/\/bpzoliborz.pl\/bpzoliborz\/?p=33505"},"modified":"2026-08-31T12:57:46","modified_gmt":"2026-08-31T10:57:46","slug":"narodowe-czytanie-2026","status":"publish","type":"post","link":"https:\/\/bpzoliborz.pl\/bpzoliborz\/index.php\/2026\/08\/31\/narodowe-czytanie-2026\/","title":{"rendered":"Narodowe Czytanie 2026"},"content":{"rendered":"\n<p>Zapraszamy na 15. ods\u0142on\u0119 Narodowego Czytania &#8211; wyj\u0105tkowej akcji, kt\u00f3ra popularyzuje klasyk\u0119 polskiej literatury i propaguje czytelnictwo. Biblioteka Publiczna w Dzielnicy \u017boliborz m.st. Warszawy po raz kolejny w\u0142\u0105cza si\u0119 w og\u00f3lnopolskie wydarzenie. Zach\u0119camy do wzi\u0119cia udzia\u0142u we wsp\u00f3lnym czytaniu fragment\u00f3w &#8220;Dziad\u00f3w&#8221; Adama Mickiewicza wraz z mieszka\u0144cami \u017boliborza, przedstawicielami instytucji kultury oraz zaproszonymi go\u015b\u0107mi.<\/p>\n\n\n\n<p>Spotykamy si\u0119 w sobot\u0119, <strong>12 wrze\u015bnia w Czytelni Pod Sowami, przy ul. Gen Zaj\u0105czka 8, w godz. 14<\/strong><sup><strong>00<\/strong><\/sup><strong>&#8211; 17<\/strong><sup><strong>00<\/strong><\/sup><strong>.<\/strong><\/p>\n\n\n\n<p>Podczas przerw pomi\u0119dzy czytaniami lektury odb\u0119dzie si\u0119 quiz ze znajomo\u015bci \u017cycia i tw\u00f3rczo\u015bci Adama Mickiewicza oraz quiz ze znajomo\u015bci &#8220;Dziad\u00f3w&#8221;. Zapraszamy r\u00f3wnie\u017c do udzia\u0142u w warsztatach dla dzieci i doros\u0142ych, podczas kt\u00f3rych wykonamy:<\/p>\n\n\n\n<p>&#8211; lalki motanki,<br>&#8211; lampiony ozdabiane technik\u0105 decoupageu,<br>&#8211; duszki,<br>&#8211; bukieciki z suszonych kwiat\u00f3w.<\/p>\n\n\n\n<p>W <strong>Forcie Sokolnickiego \u017boliborskiego Domu Kultury, przy ul. Czarnieckiego 51, o godz. 18<\/strong><sup><strong>00<\/strong><\/sup> odb\u0119dzie si\u0119 <strong>koncert pt.<\/strong> <strong>\u201eMickiewicz\u201d<\/strong> inspirowany tw\u00f3rczo\u015bci\u0105 wieszcza w wykonaniu <strong>Adama Struga<\/strong> &#8211; polskiego \u015bpiewaka i instrumentalisty, autora piosenek, poety, kompozytora muzyki teatralnej i filmowej, producenta i kuratora muzycznego, scenarzysty film\u00f3w dokumentalnych, etnomuzykologa, popularyzatora muzyki tradycyjnej.<\/p>\n\n\n\n<p>Bezp\u0142atne wej\u015bci\u00f3wki na koncert s\u0105 do odebrania w plac\u00f3wkach bibliotecznych<br>od 7 wrze\u015bnia. Ilo\u015b\u0107 ograniczona.<\/p>\n\n\n\n<div class=\"wp-block-image\"><figure class=\"aligncenter size-large is-resized\"><img loading=\"lazy\" src=\"https:\/\/bpzoliborz.pl\/bpzoliborz\/wp-content\/uploads\/2026\/08\/narodowe-czytanie-2026-plakat.png\" alt=\"\" class=\"wp-image-33508\" width=\"515\" height=\"730\" srcset=\"https:\/\/bpzoliborz.pl\/bpzoliborz\/wp-content\/uploads\/2026\/08\/narodowe-czytanie-2026-plakat.png 1410w, https:\/\/bpzoliborz.pl\/bpzoliborz\/wp-content\/uploads\/2026\/08\/narodowe-czytanie-2026-plakat-768x1089.png 768w, https:\/\/bpzoliborz.pl\/bpzoliborz\/wp-content\/uploads\/2026\/08\/narodowe-czytanie-2026-plakat-1083x1536.png 1083w\" sizes=\"(max-width: 515px) 100vw, 515px\" \/><\/figure><\/div>\n","protected":false},"excerpt":{"rendered":"<p>Zapraszamy na 15. ods\u0142on\u0119 Narodowego Czytania &#8211; wyj\u0105tkowej akcji, kt\u00f3ra popularyzuje klasyk\u0119 polskiej literatury i propaguje czytelnictwo. Biblioteka Publiczna w Dzielnicy \u017boliborz m.st. Warszawy po raz kolejny w\u0142\u0105cza si\u0119 w og\u00f3lnopolskie wydarzenie. Zach\u0119camy do wzi\u0119cia udzia\u0142u we wsp\u00f3lnym czytaniu fragment\u00f3w &#8220;Dziad\u00f3w&#8221; Adama Mickiewicza wraz z mieszka\u0144cami \u017boliborza, przedstawicielami instytucji kultury oraz zaproszonymi go\u015b\u0107mi. Spotykamy si\u0119&hellip;&nbsp;<a href=\"https:\/\/bpzoliborz.pl\/bpzoliborz\/index.php\/2026\/08\/31\/narodowe-czytanie-2026\/\" class=\"\" rel=\"bookmark\">Czytaj wi\u0119cej &raquo;<span class=\"screen-reader-text\">Narodowe Czytanie 2026<\/span><\/a><\/p>\n","protected":false},"author":11,"featured_media":33301,"comment_status":"closed","ping_status":"closed","sticky":false,"template":"","format":"standard","meta":{"_stopmodifiedupdate":false,"_modified_date":"","_eb_attr":"","neve_meta_sidebar":"","neve_meta_container":"","neve_meta_enable_content_width":"","neve_meta_content_width":0,"neve_meta_title_alignment":"","neve_meta_author_avatar":"","neve_post_elements_order":"","neve_meta_disable_header":"","neve_meta_disable_footer":"","neve_meta_disable_title":""},"categories":[5,776],"tags":[2268,2265],"_links":{"self":[{"href":"https:\/\/bpzoliborz.pl\/bpzoliborz\/index.php\/wp-json\/wp\/v2\/posts\/33505"}],"collection":[{"href":"https:\/\/bpzoliborz.pl\/bpzoliborz\/index.php\/wp-json\/wp\/v2\/posts"}],"about":[{"href":"https:\/\/bpzoliborz.pl\/bpzoliborz\/index.php\/wp-json\/wp\/v2\/types\/post"}],"author":[{"embeddable":true,"href":"https:\/\/bpzoliborz.pl\/bpzoliborz\/index.php\/wp-json\/wp\/v2\/users\/11"}],"replies":[{"embeddable":true,"href":"https:\/\/bpzoliborz.pl\/bpzoliborz\/index.php\/wp-json\/wp\/v2\/comments?post=33505"}],"version-history":[{"count":2,"href":"https:\/\/bpzoliborz.pl\/bpzoliborz\/index.php\/wp-json\/wp\/v2\/posts\/33505\/revisions"}],"predecessor-version":[{"id":33509,"href":"https:\/\/bpzoliborz.pl\/bpzoliborz\/index.php\/wp-json\/wp\/v2\/posts\/33505\/revisions\/33509"}],"wp:featuredmedia":[{"embeddable":true,"href":"https:\/\/bpzoliborz.pl\/bpzoliborz\/index.php\/wp-json\/wp\/v2\/media\/33301"}],"wp:attachment":[{"href":"https:\/\/bpzoliborz.pl\/bpzoliborz\/index.php\/wp-json\/wp\/v2\/media?parent=33505"}],"wp:term":[{"taxonomy":"category","embeddable":true,"href":"https:\/\/bpzoliborz.pl\/bpzoliborz\/index.php\/wp-json\/wp\/v2\/categories?post=33505"},{"taxonomy":"post_tag","embeddable":true,"href":"https:\/\/bpzoliborz.pl\/bpzoliborz\/index.php\/wp-json\/wp\/v2\/tags?post=33505"}],"curies":[{"name":"wp","href":"https:\/\/api.w.org\/{rel}","templated":true}]}}