{"id":31298,"date":"2026-02-20T13:29:00","date_gmt":"2026-02-20T12:29:00","guid":{"rendered":"https:\/\/bpzoliborz.pl\/bpzoliborz\/?p=31298"},"modified":"2026-02-24T13:40:53","modified_gmt":"2026-02-24T12:40:53","slug":"miedzynarodowy-dzien-jezyka-ojczystego-4","status":"publish","type":"post","link":"https:\/\/bpzoliborz.pl\/bpzoliborz\/index.php\/2026\/02\/20\/miedzynarodowy-dzien-jezyka-ojczystego-4\/","title":{"rendered":"Mi\u0119dzynarodowy Dzie\u0144 J\u0119zyka Ojczystego 2026"},"content":{"rendered":"\n<p>21 lutego obchodzimy <strong>Mi\u0119dzynarodowy Dzie\u0144 J\u0119zyka Ojczystego<\/strong>. \u015awi\u0119to to zosta\u0142o ustanowione przez UNESCO w 1999 r., a jego celem jest ochrona j\u0119zyk\u00f3w ojczystych oraz dbanie o j\u0119zyki zagro\u017cone i gin\u0105ce.<br>Co roku, z okazji tego dnia, w naszych bibliotekach, przygotowujemy dla czytelnik\u00f3w quizy, zabawy i ciekawostki j\u0119zykowe.<\/p>\n\n\n\n<p>W Wypo\u017cyczalni nr 13 oraz Wypo\u017cyczalni nr 111 czytelnicy mog\u0105 zapozna\u0107 si\u0119 z prezentacj\u0105 po\u015bwi\u0119con\u0105 r\u00f3\u017cnorodno\u015bci j\u0119zykowej na \u015bwiecie oraz j\u0119zykom gin\u0105cym. Obecnie istnieje oko\u0142o 7 tysi\u0119cy \u017cywych j\u0119zyk\u00f3w, jednak wi\u0119kszo\u015b\u0107 z nich to j\u0119zyki niszowe, kt\u00f3rymi pos\u0142uguje si\u0119 od kilku do kilkunastu tysi\u0119cy os\u00f3b. Szacuje si\u0119, \u017ce do ko\u0144ca tego stulecia mo\u017ce znikn\u0105\u0107 niemal po\u0142owa u\u017cywanych j\u0119zyk\u00f3w.<\/p>\n\n\n\n<figure class=\"wp-block-gallery columns-2 is-cropped\"><ul class=\"blocks-gallery-grid\"><li class=\"blocks-gallery-item\"><figure><img loading=\"lazy\" width=\"1080\" height=\"810\" src=\"https:\/\/bpzoliborz.pl\/bpzoliborz\/wp-content\/uploads\/2026\/02\/jezyki-zagrozone-1.jpg\" alt=\"\" data-id=\"31301\" data-full-url=\"https:\/\/bpzoliborz.pl\/bpzoliborz\/wp-content\/uploads\/2026\/02\/jezyki-zagrozone-1.jpg\" data-link=\"https:\/\/bpzoliborz.pl\/bpzoliborz\/?attachment_id=31301\" class=\"wp-image-31301\" srcset=\"https:\/\/bpzoliborz.pl\/bpzoliborz\/wp-content\/uploads\/2026\/02\/jezyki-zagrozone-1.jpg 1080w, https:\/\/bpzoliborz.pl\/bpzoliborz\/wp-content\/uploads\/2026\/02\/jezyki-zagrozone-1-768x576.jpg 768w\" sizes=\"(max-width: 1080px) 100vw, 1080px\" \/><\/figure><\/li><li class=\"blocks-gallery-item\"><figure><img loading=\"lazy\" width=\"1080\" height=\"810\" src=\"https:\/\/bpzoliborz.pl\/bpzoliborz\/wp-content\/uploads\/2026\/02\/jezyki-zagrozone-2.jpg\" alt=\"\" data-id=\"31302\" data-full-url=\"https:\/\/bpzoliborz.pl\/bpzoliborz\/wp-content\/uploads\/2026\/02\/jezyki-zagrozone-2.jpg\" data-link=\"https:\/\/bpzoliborz.pl\/bpzoliborz\/?attachment_id=31302\" class=\"wp-image-31302\" srcset=\"https:\/\/bpzoliborz.pl\/bpzoliborz\/wp-content\/uploads\/2026\/02\/jezyki-zagrozone-2.jpg 1080w, https:\/\/bpzoliborz.pl\/bpzoliborz\/wp-content\/uploads\/2026\/02\/jezyki-zagrozone-2-768x576.jpg 768w\" sizes=\"(max-width: 1080px) 100vw, 1080px\" \/><\/figure><\/li><\/ul><\/figure>\n\n\n\n<figure class=\"wp-block-gallery columns-2 is-cropped\"><ul class=\"blocks-gallery-grid\"><li class=\"blocks-gallery-item\"><figure><img loading=\"lazy\" width=\"810\" height=\"1080\" src=\"https:\/\/bpzoliborz.pl\/bpzoliborz\/wp-content\/uploads\/2026\/02\/jezyki-zagrozone-3.jpg\" alt=\"\" data-id=\"31303\" data-full-url=\"https:\/\/bpzoliborz.pl\/bpzoliborz\/wp-content\/uploads\/2026\/02\/jezyki-zagrozone-3.jpg\" data-link=\"https:\/\/bpzoliborz.pl\/bpzoliborz\/?attachment_id=31303\" class=\"wp-image-31303\" srcset=\"https:\/\/bpzoliborz.pl\/bpzoliborz\/wp-content\/uploads\/2026\/02\/jezyki-zagrozone-3.jpg 810w, https:\/\/bpzoliborz.pl\/bpzoliborz\/wp-content\/uploads\/2026\/02\/jezyki-zagrozone-3-768x1024.jpg 768w, https:\/\/bpzoliborz.pl\/bpzoliborz\/wp-content\/uploads\/2026\/02\/jezyki-zagrozone-3-300x400.jpg 300w\" sizes=\"(max-width: 810px) 100vw, 810px\" \/><\/figure><\/li><li class=\"blocks-gallery-item\"><figure><img loading=\"lazy\" width=\"810\" height=\"1080\" src=\"https:\/\/bpzoliborz.pl\/bpzoliborz\/wp-content\/uploads\/2026\/02\/jezyki-zagrozone-4.jpg\" alt=\"\" data-id=\"31304\" data-full-url=\"https:\/\/bpzoliborz.pl\/bpzoliborz\/wp-content\/uploads\/2026\/02\/jezyki-zagrozone-4.jpg\" data-link=\"https:\/\/bpzoliborz.pl\/bpzoliborz\/?attachment_id=31304\" class=\"wp-image-31304\" srcset=\"https:\/\/bpzoliborz.pl\/bpzoliborz\/wp-content\/uploads\/2026\/02\/jezyki-zagrozone-4.jpg 810w, https:\/\/bpzoliborz.pl\/bpzoliborz\/wp-content\/uploads\/2026\/02\/jezyki-zagrozone-4-768x1024.jpg 768w, https:\/\/bpzoliborz.pl\/bpzoliborz\/wp-content\/uploads\/2026\/02\/jezyki-zagrozone-4-300x400.jpg 300w\" sizes=\"(max-width: 810px) 100vw, 810px\" \/><\/figure><\/li><\/ul><\/figure>\n\n\n\n<figure class=\"wp-block-gallery columns-2 is-cropped\"><ul class=\"blocks-gallery-grid\"><li class=\"blocks-gallery-item\"><figure><img loading=\"lazy\" width=\"810\" height=\"1080\" src=\"https:\/\/bpzoliborz.pl\/bpzoliborz\/wp-content\/uploads\/2026\/02\/jezyki-zagrozone-6.jpg\" alt=\"\" data-id=\"31305\" data-full-url=\"https:\/\/bpzoliborz.pl\/bpzoliborz\/wp-content\/uploads\/2026\/02\/jezyki-zagrozone-6.jpg\" data-link=\"https:\/\/bpzoliborz.pl\/bpzoliborz\/?attachment_id=31305\" class=\"wp-image-31305\" srcset=\"https:\/\/bpzoliborz.pl\/bpzoliborz\/wp-content\/uploads\/2026\/02\/jezyki-zagrozone-6.jpg 810w, https:\/\/bpzoliborz.pl\/bpzoliborz\/wp-content\/uploads\/2026\/02\/jezyki-zagrozone-6-768x1024.jpg 768w, https:\/\/bpzoliborz.pl\/bpzoliborz\/wp-content\/uploads\/2026\/02\/jezyki-zagrozone-6-300x400.jpg 300w\" sizes=\"(max-width: 810px) 100vw, 810px\" \/><\/figure><\/li><li class=\"blocks-gallery-item\"><figure><img loading=\"lazy\" width=\"1080\" height=\"810\" src=\"https:\/\/bpzoliborz.pl\/bpzoliborz\/wp-content\/uploads\/2026\/02\/jezyki-zagrozone-6-1.jpg\" alt=\"\" data-id=\"31306\" data-full-url=\"https:\/\/bpzoliborz.pl\/bpzoliborz\/wp-content\/uploads\/2026\/02\/jezyki-zagrozone-6-1.jpg\" data-link=\"https:\/\/bpzoliborz.pl\/bpzoliborz\/?attachment_id=31306\" class=\"wp-image-31306\" srcset=\"https:\/\/bpzoliborz.pl\/bpzoliborz\/wp-content\/uploads\/2026\/02\/jezyki-zagrozone-6-1.jpg 1080w, https:\/\/bpzoliborz.pl\/bpzoliborz\/wp-content\/uploads\/2026\/02\/jezyki-zagrozone-6-1-768x576.jpg 768w\" sizes=\"(max-width: 1080px) 100vw, 1080px\" \/><\/figure><\/li><\/ul><\/figure>\n\n\n\n<p>Wypo\u017cyczalnia nr 16 zaprosi\u0142a czytelnik\u00f3w do wzi\u0119cia udzia\u0142u w quizie wiedzy o gwarach polskich.<\/p>\n\n\n\n<figure class=\"wp-block-image size-large\"><img loading=\"lazy\" width=\"2560\" height=\"1180\" src=\"https:\/\/bpzoliborz.pl\/bpzoliborz\/wp-content\/uploads\/2026\/02\/wyp16-dzienjezykaojczystego-scaled.jpg\" alt=\"\" class=\"wp-image-31299\" srcset=\"https:\/\/bpzoliborz.pl\/bpzoliborz\/wp-content\/uploads\/2026\/02\/wyp16-dzienjezykaojczystego-scaled.jpg 2560w, https:\/\/bpzoliborz.pl\/bpzoliborz\/wp-content\/uploads\/2026\/02\/wyp16-dzienjezykaojczystego-768x354.jpg 768w, https:\/\/bpzoliborz.pl\/bpzoliborz\/wp-content\/uploads\/2026\/02\/wyp16-dzienjezykaojczystego-1536x708.jpg 1536w, https:\/\/bpzoliborz.pl\/bpzoliborz\/wp-content\/uploads\/2026\/02\/wyp16-dzienjezykaojczystego-2048x944.jpg 2048w\" sizes=\"(max-width: 2560px) 100vw, 2560px\" \/><\/figure>\n\n\n\n<p>Wypo\u017cyczalnia nr 138 przygotowa\u0142a tematyczn\u0105 wystaw\u0119 ksi\u0105\u017cek po\u015bwi\u0119conych pi\u0119knu i poprawno\u015bci j\u0119zyka polskiego.<\/p>\n\n\n\n<figure class=\"wp-block-image size-large\"><img loading=\"lazy\" width=\"2048\" height=\"1536\" src=\"https:\/\/bpzoliborz.pl\/bpzoliborz\/wp-content\/uploads\/2026\/02\/wyp138-dzienjezykaojczystego.jpg\" alt=\"\" class=\"wp-image-31300\" srcset=\"https:\/\/bpzoliborz.pl\/bpzoliborz\/wp-content\/uploads\/2026\/02\/wyp138-dzienjezykaojczystego.jpg 2048w, https:\/\/bpzoliborz.pl\/bpzoliborz\/wp-content\/uploads\/2026\/02\/wyp138-dzienjezykaojczystego-768x576.jpg 768w, https:\/\/bpzoliborz.pl\/bpzoliborz\/wp-content\/uploads\/2026\/02\/wyp138-dzienjezykaojczystego-1536x1152.jpg 1536w\" sizes=\"(max-width: 2048px) 100vw, 2048px\" \/><\/figure>\n","protected":false},"excerpt":{"rendered":"<p>21 lutego obchodzimy Mi\u0119dzynarodowy Dzie\u0144 J\u0119zyka Ojczystego. \u015awi\u0119to to zosta\u0142o ustanowione przez UNESCO w 1999 r., a jego celem jest ochrona j\u0119zyk\u00f3w ojczystych oraz dbanie o j\u0119zyki zagro\u017cone i gin\u0105ce.Co roku, z okazji tego dnia, w naszych bibliotekach, przygotowujemy dla czytelnik\u00f3w quizy, zabawy i ciekawostki j\u0119zykowe. W Wypo\u017cyczalni nr 13 oraz Wypo\u017cyczalni nr 111 czytelnicy&hellip;&nbsp;<a href=\"https:\/\/bpzoliborz.pl\/bpzoliborz\/index.php\/2026\/02\/20\/miedzynarodowy-dzien-jezyka-ojczystego-4\/\" class=\"\" rel=\"bookmark\">Czytaj wi\u0119cej &raquo;<span class=\"screen-reader-text\">Mi\u0119dzynarodowy Dzie\u0144 J\u0119zyka Ojczystego 2026<\/span><\/a><\/p>\n","protected":false},"author":11,"featured_media":31309,"comment_status":"closed","ping_status":"closed","sticky":false,"template":"","format":"standard","meta":{"_stopmodifiedupdate":false,"_modified_date":"","_eb_attr":"","neve_meta_sidebar":"","neve_meta_container":"","neve_meta_enable_content_width":"","neve_meta_content_width":0,"neve_meta_title_alignment":"","neve_meta_author_avatar":"","neve_post_elements_order":"","neve_meta_disable_header":"","neve_meta_disable_footer":"","neve_meta_disable_title":""},"categories":[10],"tags":[332],"_links":{"self":[{"href":"https:\/\/bpzoliborz.pl\/bpzoliborz\/index.php\/wp-json\/wp\/v2\/posts\/31298"}],"collection":[{"href":"https:\/\/bpzoliborz.pl\/bpzoliborz\/index.php\/wp-json\/wp\/v2\/posts"}],"about":[{"href":"https:\/\/bpzoliborz.pl\/bpzoliborz\/index.php\/wp-json\/wp\/v2\/types\/post"}],"author":[{"embeddable":true,"href":"https:\/\/bpzoliborz.pl\/bpzoliborz\/index.php\/wp-json\/wp\/v2\/users\/11"}],"replies":[{"embeddable":true,"href":"https:\/\/bpzoliborz.pl\/bpzoliborz\/index.php\/wp-json\/wp\/v2\/comments?post=31298"}],"version-history":[{"count":6,"href":"https:\/\/bpzoliborz.pl\/bpzoliborz\/index.php\/wp-json\/wp\/v2\/posts\/31298\/revisions"}],"predecessor-version":[{"id":31313,"href":"https:\/\/bpzoliborz.pl\/bpzoliborz\/index.php\/wp-json\/wp\/v2\/posts\/31298\/revisions\/31313"}],"wp:featuredmedia":[{"embeddable":true,"href":"https:\/\/bpzoliborz.pl\/bpzoliborz\/index.php\/wp-json\/wp\/v2\/media\/31309"}],"wp:attachment":[{"href":"https:\/\/bpzoliborz.pl\/bpzoliborz\/index.php\/wp-json\/wp\/v2\/media?parent=31298"}],"wp:term":[{"taxonomy":"category","embeddable":true,"href":"https:\/\/bpzoliborz.pl\/bpzoliborz\/index.php\/wp-json\/wp\/v2\/categories?post=31298"},{"taxonomy":"post_tag","embeddable":true,"href":"https:\/\/bpzoliborz.pl\/bpzoliborz\/index.php\/wp-json\/wp\/v2\/tags?post=31298"}],"curies":[{"name":"wp","href":"https:\/\/api.w.org\/{rel}","templated":true}]}}