{"id":29895,"date":"2025-11-26T13:46:44","date_gmt":"2025-11-26T12:46:44","guid":{"rendered":"https:\/\/bpzoliborz.pl\/bpzoliborz\/?p=29895"},"modified":"2025-11-26T13:46:47","modified_gmt":"2025-11-26T12:46:47","slug":"zapraszamy-na-warsztaty-dla-seniorow-pamiec-i-koncentracja","status":"publish","type":"post","link":"https:\/\/bpzoliborz.pl\/bpzoliborz\/index.php\/2025\/11\/26\/zapraszamy-na-warsztaty-dla-seniorow-pamiec-i-koncentracja\/","title":{"rendered":"Zapraszamy na warsztaty dla senior\u00f3w &#8211; Pami\u0119\u0107 i Koncentracja"},"content":{"rendered":"\n<p><strong>Trening \u201ePami\u0119\u0107 i koncentracja\u201d \u2013 warsztaty dla senior\u00f3w<\/strong><\/p>\n\n\n\n<p>Zapraszamy senior\u00f3w na rozwijaj\u0105ce zaj\u0119cia wzmacniaj\u0105ce pami\u0119\u0107, koncentracj\u0119, wyobra\u017ani\u0119 przestrzenn\u0105 i logiczne my\u015blenie!<\/p>\n\n\n\n<p><strong>Grupa I<\/strong>: <strong>3 grudni<\/strong>a 2025 r. (\u015broda)<br>Godziny: 16:00\u201318:00<\/p>\n\n\n\n<p><strong>Grupa II<\/strong>: <strong>10 grudnia<\/strong> 2025 r. (\u015broda) <br>Godziny: 16:00\u201318:00<\/p>\n\n\n\n<p>To \u015bwietna okazja, aby w mi\u0142ej i wspieraj\u0105cej atmosferze zadba\u0107 o sprawno\u015b\u0107 umys\u0142u!   <\/p>\n\n\n\n<p>Miejsce: Wypo\u017cyczalnia dla Doros\u0142ych i M\u0142odzie\u017cy nr 138, <strong>ul. Broniewskiego 9A<\/strong><br><strong>Zapisy: 22 633-90-80<\/strong><br>Zach\u0119camy do zapis\u00f3w \u2014 liczba miejsc jest ograniczona!<\/p>\n","protected":false},"excerpt":{"rendered":"<p>Trening \u201ePami\u0119\u0107 i koncentracja\u201d \u2013 warsztaty dla senior\u00f3w Zapraszamy senior\u00f3w na rozwijaj\u0105ce zaj\u0119cia wzmacniaj\u0105ce pami\u0119\u0107, koncentracj\u0119, wyobra\u017ani\u0119 przestrzenn\u0105 i logiczne my\u015blenie! Grupa I: 3 grudnia 2025 r. (\u015broda)Godziny: 16:00\u201318:00 Grupa II: 10 grudnia 2025 r. (\u015broda) Godziny: 16:00\u201318:00 To \u015bwietna okazja, aby w mi\u0142ej i wspieraj\u0105cej atmosferze zadba\u0107 o sprawno\u015b\u0107 umys\u0142u! Miejsce: Wypo\u017cyczalnia dla Doros\u0142ych&hellip;&nbsp;<a href=\"https:\/\/bpzoliborz.pl\/bpzoliborz\/index.php\/2025\/11\/26\/zapraszamy-na-warsztaty-dla-seniorow-pamiec-i-koncentracja\/\" class=\"\" rel=\"bookmark\">Czytaj wi\u0119cej &raquo;<span class=\"screen-reader-text\">Zapraszamy na warsztaty dla senior\u00f3w &#8211; Pami\u0119\u0107 i Koncentracja<\/span><\/a><\/p>\n","protected":false},"author":24,"featured_media":29896,"comment_status":"closed","ping_status":"closed","sticky":false,"template":"","format":"standard","meta":{"_stopmodifiedupdate":false,"_modified_date":"","_eb_attr":"","neve_meta_sidebar":"","neve_meta_container":"","neve_meta_enable_content_width":"","neve_meta_content_width":0,"neve_meta_title_alignment":"","neve_meta_author_avatar":"","neve_post_elements_order":"","neve_meta_disable_header":"","neve_meta_disable_footer":"","neve_meta_disable_title":""},"categories":[5],"tags":[],"_links":{"self":[{"href":"https:\/\/bpzoliborz.pl\/bpzoliborz\/index.php\/wp-json\/wp\/v2\/posts\/29895"}],"collection":[{"href":"https:\/\/bpzoliborz.pl\/bpzoliborz\/index.php\/wp-json\/wp\/v2\/posts"}],"about":[{"href":"https:\/\/bpzoliborz.pl\/bpzoliborz\/index.php\/wp-json\/wp\/v2\/types\/post"}],"author":[{"embeddable":true,"href":"https:\/\/bpzoliborz.pl\/bpzoliborz\/index.php\/wp-json\/wp\/v2\/users\/24"}],"replies":[{"embeddable":true,"href":"https:\/\/bpzoliborz.pl\/bpzoliborz\/index.php\/wp-json\/wp\/v2\/comments?post=29895"}],"version-history":[{"count":1,"href":"https:\/\/bpzoliborz.pl\/bpzoliborz\/index.php\/wp-json\/wp\/v2\/posts\/29895\/revisions"}],"predecessor-version":[{"id":29897,"href":"https:\/\/bpzoliborz.pl\/bpzoliborz\/index.php\/wp-json\/wp\/v2\/posts\/29895\/revisions\/29897"}],"wp:featuredmedia":[{"embeddable":true,"href":"https:\/\/bpzoliborz.pl\/bpzoliborz\/index.php\/wp-json\/wp\/v2\/media\/29896"}],"wp:attachment":[{"href":"https:\/\/bpzoliborz.pl\/bpzoliborz\/index.php\/wp-json\/wp\/v2\/media?parent=29895"}],"wp:term":[{"taxonomy":"category","embeddable":true,"href":"https:\/\/bpzoliborz.pl\/bpzoliborz\/index.php\/wp-json\/wp\/v2\/categories?post=29895"},{"taxonomy":"post_tag","embeddable":true,"href":"https:\/\/bpzoliborz.pl\/bpzoliborz\/index.php\/wp-json\/wp\/v2\/tags?post=29895"}],"curies":[{"name":"wp","href":"https:\/\/api.w.org\/{rel}","templated":true}]}}