{"id":29797,"date":"2025-12-03T11:25:00","date_gmt":"2025-12-03T10:25:00","guid":{"rendered":"https:\/\/bpzoliborz.pl\/bpzoliborz\/?p=29797"},"modified":"2025-12-03T11:23:19","modified_gmt":"2025-12-03T10:23:19","slug":"zapraszamy-na-spotkanie-z-jakubem-zulczykiem","status":"publish","type":"post","link":"https:\/\/bpzoliborz.pl\/bpzoliborz\/index.php\/2025\/12\/03\/zapraszamy-na-spotkanie-z-jakubem-zulczykiem\/","title":{"rendered":"ZAPRASZAMY NA SPOTKANIE z Jakubem \u017bulczykiem"},"content":{"rendered":"\n<figure class=\"wp-block-gallery columns-1 is-cropped\"><ul class=\"blocks-gallery-grid\"><li class=\"blocks-gallery-item\"><figure><img loading=\"lazy\" width=\"1587\" height=\"2245\" src=\"https:\/\/bpzoliborz.pl\/bpzoliborz\/wp-content\/uploads\/2025\/11\/1-2.png\" alt=\"\" data-id=\"29951\" data-full-url=\"https:\/\/bpzoliborz.pl\/bpzoliborz\/wp-content\/uploads\/2025\/11\/1-2.png\" data-link=\"https:\/\/bpzoliborz.pl\/bpzoliborz\/index.php\/2025\/11\/24\/zapraszamy-na-spotkanie-z-jakubem-zulczykiem\/1-2-7\/\" class=\"wp-image-29951\" srcset=\"https:\/\/bpzoliborz.pl\/bpzoliborz\/wp-content\/uploads\/2025\/11\/1-2.png 1587w, https:\/\/bpzoliborz.pl\/bpzoliborz\/wp-content\/uploads\/2025\/11\/1-2-768x1086.png 768w, https:\/\/bpzoliborz.pl\/bpzoliborz\/wp-content\/uploads\/2025\/11\/1-2-1086x1536.png 1086w, https:\/\/bpzoliborz.pl\/bpzoliborz\/wp-content\/uploads\/2025\/11\/1-2-1448x2048.png 1448w\" sizes=\"(max-width: 1587px) 100vw, 1587px\" \/><\/figure><\/li><\/ul><\/figure>\n\n\n\n<p>Ogromnie zapraszamy na<strong> spotkanie autorskie z Jakubem \u017bulczykiem <\/strong>(1983) &#8211; pisarzem, scenarzyst\u0105, felietonist\u0105, autorem takich powie\u015bci jak &#8220;Dawno temu w Warszawie&#8221; czy &#8220;Kandydat&#8221;,  wsp\u00f3\u0142tw\u00f3rc\u0105 seriali &#8220;Belfer&#8221; oraz &#8220;\u015alepn\u0105c od \u015bwiate\u0142&#8221;. <\/p>\n\n\n\n<p>Jakub \u017bulczyk jest laureatem Nagrody Literackiej Miasta Warszawy, a tak\u017ce laureatem Or\u0142a za najlepszy serial telewizyjny. Razem z Juliuszem Strachot\u0105 tworzy podcast &#8220;Po odwyku&#8221;. <\/p>\n\n\n\n<p>Spotkanie odb\u0119dzie si\u0119 <strong>4 grudnia (czwartek) o godz. 18.00 w Wypo\u017cyczalni nr 16 przy ul. S\u0142owackiego 19a.<\/strong> <\/p>\n\n\n\n<p><\/p>\n\n\n\n<p><\/p>\n\n\n\n<p><\/p>\n","protected":false},"excerpt":{"rendered":"<p>Ogromnie zapraszamy na spotkanie autorskie z Jakubem \u017bulczykiem (1983) &#8211; pisarzem, scenarzyst\u0105, felietonist\u0105, autorem takich powie\u015bci jak &#8220;Dawno temu w Warszawie&#8221; czy &#8220;Kandydat&#8221;, wsp\u00f3\u0142tw\u00f3rc\u0105 seriali &#8220;Belfer&#8221; oraz &#8220;\u015alepn\u0105c od \u015bwiate\u0142&#8221;. Jakub \u017bulczyk jest laureatem Nagrody Literackiej Miasta Warszawy, a tak\u017ce laureatem Or\u0142a za najlepszy serial telewizyjny. Razem z Juliuszem Strachot\u0105 tworzy podcast &#8220;Po odwyku&#8221;. Spotkanie&hellip;&nbsp;<a href=\"https:\/\/bpzoliborz.pl\/bpzoliborz\/index.php\/2025\/12\/03\/zapraszamy-na-spotkanie-z-jakubem-zulczykiem\/\" class=\"\" rel=\"bookmark\">Czytaj wi\u0119cej &raquo;<span class=\"screen-reader-text\">ZAPRASZAMY NA SPOTKANIE z Jakubem \u017bulczykiem<\/span><\/a><\/p>\n","protected":false},"author":19,"featured_media":29800,"comment_status":"closed","ping_status":"closed","sticky":false,"template":"","format":"standard","meta":{"_stopmodifiedupdate":false,"_modified_date":"","_eb_attr":"","neve_meta_sidebar":"","neve_meta_container":"","neve_meta_enable_content_width":"","neve_meta_content_width":0,"neve_meta_title_alignment":"","neve_meta_author_avatar":"","neve_post_elements_order":"","neve_meta_disable_header":"","neve_meta_disable_footer":"","neve_meta_disable_title":""},"categories":[5],"tags":[2001,1724,2002,75,331,115],"_links":{"self":[{"href":"https:\/\/bpzoliborz.pl\/bpzoliborz\/index.php\/wp-json\/wp\/v2\/posts\/29797"}],"collection":[{"href":"https:\/\/bpzoliborz.pl\/bpzoliborz\/index.php\/wp-json\/wp\/v2\/posts"}],"about":[{"href":"https:\/\/bpzoliborz.pl\/bpzoliborz\/index.php\/wp-json\/wp\/v2\/types\/post"}],"author":[{"embeddable":true,"href":"https:\/\/bpzoliborz.pl\/bpzoliborz\/index.php\/wp-json\/wp\/v2\/users\/19"}],"replies":[{"embeddable":true,"href":"https:\/\/bpzoliborz.pl\/bpzoliborz\/index.php\/wp-json\/wp\/v2\/comments?post=29797"}],"version-history":[{"count":3,"href":"https:\/\/bpzoliborz.pl\/bpzoliborz\/index.php\/wp-json\/wp\/v2\/posts\/29797\/revisions"}],"predecessor-version":[{"id":29952,"href":"https:\/\/bpzoliborz.pl\/bpzoliborz\/index.php\/wp-json\/wp\/v2\/posts\/29797\/revisions\/29952"}],"wp:featuredmedia":[{"embeddable":true,"href":"https:\/\/bpzoliborz.pl\/bpzoliborz\/index.php\/wp-json\/wp\/v2\/media\/29800"}],"wp:attachment":[{"href":"https:\/\/bpzoliborz.pl\/bpzoliborz\/index.php\/wp-json\/wp\/v2\/media?parent=29797"}],"wp:term":[{"taxonomy":"category","embeddable":true,"href":"https:\/\/bpzoliborz.pl\/bpzoliborz\/index.php\/wp-json\/wp\/v2\/categories?post=29797"},{"taxonomy":"post_tag","embeddable":true,"href":"https:\/\/bpzoliborz.pl\/bpzoliborz\/index.php\/wp-json\/wp\/v2\/tags?post=29797"}],"curies":[{"name":"wp","href":"https:\/\/api.w.org\/{rel}","templated":true}]}}