{"id":29418,"date":"2025-10-28T10:30:06","date_gmt":"2025-10-28T09:30:06","guid":{"rendered":"https:\/\/bpzoliborz.pl\/bpzoliborz\/?p=29418"},"modified":"2025-10-28T10:30:38","modified_gmt":"2025-10-28T09:30:38","slug":"spotkanie-z-cyklu-pogadanek-o-laureatach-literackiej-nagrody-nobla-jak-polacy-czytaja-noblistow-przypadek-alberta-camus","status":"publish","type":"post","link":"https:\/\/bpzoliborz.pl\/bpzoliborz\/index.php\/2025\/10\/28\/spotkanie-z-cyklu-pogadanek-o-laureatach-literackiej-nagrody-nobla-jak-polacy-czytaja-noblistow-przypadek-alberta-camus\/","title":{"rendered":"Spotkanie z cyklu pogadanek o laureatach literackiej Nagrody Nobla: &#8220;Jak Polacy czytaj\u0105 noblist\u00f3w? Przypadek Alberta Camus&#8221;"},"content":{"rendered":"\n<figure class=\"wp-block-image size-large\"><img loading=\"lazy\" width=\"1080\" height=\"1920\" src=\"https:\/\/bpzoliborz.pl\/bpzoliborz\/wp-content\/uploads\/2025\/10\/Design.png\" alt=\"\" class=\"wp-image-29419\" srcset=\"https:\/\/bpzoliborz.pl\/bpzoliborz\/wp-content\/uploads\/2025\/10\/Design.png 1080w, https:\/\/bpzoliborz.pl\/bpzoliborz\/wp-content\/uploads\/2025\/10\/Design-768x1365.png 768w, https:\/\/bpzoliborz.pl\/bpzoliborz\/wp-content\/uploads\/2025\/10\/Design-864x1536.png 864w\" sizes=\"(max-width: 1080px) 100vw, 1080px\" \/><\/figure>\n\n\n\n<p>7 listopada b\u0119dziemy obchodzi\u0107 112 rocznic\u0119 urodzin Alberta Camus. Z tej okazji zapraszamy do Wypo\u017cyczalni nr 16 na pierwsze spotkanie z cyklu pogadanek o laureatach literackiej Nagrody Nobla: &#8220;<em>Jak Polacy czytaj\u0105 noblist\u00f3w? Przypadek Alberta Camus<\/em>&#8220;. <\/p>\n\n\n\n<p><strong>Spotkanie odb\u0119dzie si\u0119 7 listopada, w pi\u0105tek, o godz. 17:00 w Wypo\u017cyczalni nr 16 przy ul. S\u0142owackiego 19a<\/strong>.<\/p>\n\n\n\n<p><\/p>\n\n\n\n<p><\/p>\n\n\n\n<p><\/p>\n\n\n\n<p><\/p>\n","protected":false},"excerpt":{"rendered":"<p>7 listopada b\u0119dziemy obchodzi\u0107 112 rocznic\u0119 urodzin Alberta Camus. Z tej okazji zapraszamy do Wypo\u017cyczalni nr 16 na pierwsze spotkanie z cyklu pogadanek o laureatach literackiej Nagrody Nobla: &#8220;Jak Polacy czytaj\u0105 noblist\u00f3w? Przypadek Alberta Camus&#8220;. Spotkanie odb\u0119dzie si\u0119 7 listopada, w pi\u0105tek, o godz. 17:00 w Wypo\u017cyczalni nr 16 przy ul. S\u0142owackiego 19a.<\/p>\n","protected":false},"author":19,"featured_media":29419,"comment_status":"closed","ping_status":"closed","sticky":false,"template":"","format":"standard","meta":{"_stopmodifiedupdate":false,"_modified_date":"","_eb_attr":"","neve_meta_sidebar":"","neve_meta_container":"","neve_meta_enable_content_width":"","neve_meta_content_width":0,"neve_meta_title_alignment":"","neve_meta_author_avatar":"","neve_post_elements_order":"","neve_meta_disable_header":"","neve_meta_disable_footer":"","neve_meta_disable_title":""},"categories":[5],"tags":[823,1987,1986,202,1988],"_links":{"self":[{"href":"https:\/\/bpzoliborz.pl\/bpzoliborz\/index.php\/wp-json\/wp\/v2\/posts\/29418"}],"collection":[{"href":"https:\/\/bpzoliborz.pl\/bpzoliborz\/index.php\/wp-json\/wp\/v2\/posts"}],"about":[{"href":"https:\/\/bpzoliborz.pl\/bpzoliborz\/index.php\/wp-json\/wp\/v2\/types\/post"}],"author":[{"embeddable":true,"href":"https:\/\/bpzoliborz.pl\/bpzoliborz\/index.php\/wp-json\/wp\/v2\/users\/19"}],"replies":[{"embeddable":true,"href":"https:\/\/bpzoliborz.pl\/bpzoliborz\/index.php\/wp-json\/wp\/v2\/comments?post=29418"}],"version-history":[{"count":1,"href":"https:\/\/bpzoliborz.pl\/bpzoliborz\/index.php\/wp-json\/wp\/v2\/posts\/29418\/revisions"}],"predecessor-version":[{"id":29420,"href":"https:\/\/bpzoliborz.pl\/bpzoliborz\/index.php\/wp-json\/wp\/v2\/posts\/29418\/revisions\/29420"}],"wp:featuredmedia":[{"embeddable":true,"href":"https:\/\/bpzoliborz.pl\/bpzoliborz\/index.php\/wp-json\/wp\/v2\/media\/29419"}],"wp:attachment":[{"href":"https:\/\/bpzoliborz.pl\/bpzoliborz\/index.php\/wp-json\/wp\/v2\/media?parent=29418"}],"wp:term":[{"taxonomy":"category","embeddable":true,"href":"https:\/\/bpzoliborz.pl\/bpzoliborz\/index.php\/wp-json\/wp\/v2\/categories?post=29418"},{"taxonomy":"post_tag","embeddable":true,"href":"https:\/\/bpzoliborz.pl\/bpzoliborz\/index.php\/wp-json\/wp\/v2\/tags?post=29418"}],"curies":[{"name":"wp","href":"https:\/\/api.w.org\/{rel}","templated":true}]}}