{"id":2446,"date":"2020-09-23T11:48:00","date_gmt":"2020-09-23T09:48:00","guid":{"rendered":"http:\/\/bpzoliborz.pl\/bpzoliborz\/?p=2446"},"modified":"2020-10-07T13:18:23","modified_gmt":"2020-10-07T11:18:23","slug":"pan-kamil-brach-autor-powiesci-continuum","status":"publish","type":"post","link":"https:\/\/bpzoliborz.pl\/bpzoliborz\/index.php\/2020\/09\/23\/pan-kamil-brach-autor-powiesci-continuum\/","title":{"rendered":"Pan Kamil Brach autor powie\u015bci &#8220;Continuum&#8221;."},"content":{"rendered":"\n<p>W ramach &#8220;Warszawskich Dni Seniora&#8221; zapraszamy Pa\u0144stwa do wys\u0142uchania wywiadu z Panem Kamilem Brachem autorem powie\u015bci &#8220;Continuum&#8221;.  Autor opowiada o powstawaniu ksi\u0105\u017cki, problemach zwi\u0105zanych z jej wydaniem oraz o najnowszej ksi\u0105\u017cce, kt\u00f3ra czeka ju\u017c na wydanie. Zaznaczy\u0107 nale\u017cy i\u017c powie\u015b\u0107 jest debiutem literackim.  <\/p>\n\n\n\n<div class=\"wp-block-media-text alignwide is-stacked-on-mobile\" style=\"grid-template-columns:81% auto\"><figure class=\"wp-block-media-text__media\"><img loading=\"lazy\" width=\"1080\" height=\"531\" src=\"http:\/\/bpzoliborz.pl\/bpzoliborz\/wp-content\/uploads\/2020\/09\/Kamil-Bracht-e1602068775407.png\" alt=\"autor Kamil Bracht\" class=\"wp-image-2258\" srcset=\"https:\/\/bpzoliborz.pl\/bpzoliborz\/wp-content\/uploads\/2020\/09\/Kamil-Bracht-e1602068775407.png 1080w, https:\/\/bpzoliborz.pl\/bpzoliborz\/wp-content\/uploads\/2020\/09\/Kamil-Bracht-e1602068775407-768x378.png 768w\" sizes=\"(max-width: 1080px) 100vw, 1080px\" \/><\/figure><div class=\"wp-block-media-text__content\">\n<div style=\"height:326px\" aria-hidden=\"true\" class=\"wp-block-spacer\"><\/div>\n<\/div><\/div>\n\n\n\n<div style=\"height:78px\" aria-hidden=\"true\" class=\"wp-block-spacer\"><\/div>\n\n\n\n<figure class=\"wp-block-embed-youtube wp-block-embed is-type-video is-provider-youtube wp-embed-aspect-16-9 wp-has-aspect-ratio\"><div class=\"wp-block-embed__wrapper\">\n<div class=\"nv-iframe-embed\"><iframe loading=\"lazy\" title=\"Pan Kamil Brach autor powie\u015bci &quot;Continuum&quot;. \u017boliborz Warszawa Powie\u015bci.\" width=\"1200\" height=\"675\" src=\"https:\/\/www.youtube.com\/embed\/YgtK4JxVfeU?feature=oembed\" frameborder=\"0\" allow=\"accelerometer; autoplay; clipboard-write; encrypted-media; gyroscope; picture-in-picture\" allowfullscreen><\/iframe><\/div>\n<\/div><\/figure>\n\n\n\n<div style=\"height:100px\" aria-hidden=\"true\" class=\"wp-block-spacer\"><\/div>\n\n\n\n<div class=\"wp-block-image\"><figure class=\"aligncenter size-large\"><img loading=\"lazy\" width=\"1200\" height=\"200\" src=\"http:\/\/bpzoliborz.pl\/bpzoliborz\/wp-content\/uploads\/2020\/09\/warszawskie-dni-seniora-baner.png\" alt=\"logo warszawskie dni seniora baner\" class=\"wp-image-2269\" srcset=\"https:\/\/bpzoliborz.pl\/bpzoliborz\/wp-content\/uploads\/2020\/09\/warszawskie-dni-seniora-baner.png 1200w, https:\/\/bpzoliborz.pl\/bpzoliborz\/wp-content\/uploads\/2020\/09\/warszawskie-dni-seniora-baner-768x128.png 768w\" sizes=\"(max-width: 1200px) 100vw, 1200px\" \/><\/figure><\/div>\n\n\n\n<p><\/p>\n","protected":false},"excerpt":{"rendered":"<p>W ramach &#8220;Warszawskich Dni Seniora&#8221; zapraszamy Pa\u0144stwa do wys\u0142uchania wywiadu z Panem Kamilem Brachem autorem powie\u015bci &#8220;Continuum&#8221;. Autor opowiada o powstawaniu ksi\u0105\u017cki, problemach zwi\u0105zanych z jej wydaniem oraz o najnowszej ksi\u0105\u017cce, kt\u00f3ra czeka ju\u017c na wydanie. Zaznaczy\u0107 nale\u017cy i\u017c powie\u015b\u0107 jest debiutem literackim.<\/p>\n","protected":false},"author":10,"featured_media":2258,"comment_status":"closed","ping_status":"closed","sticky":false,"template":"","format":"standard","meta":{"_stopmodifiedupdate":false,"_modified_date":"","_eb_attr":"","neve_meta_sidebar":"","neve_meta_container":"","neve_meta_enable_content_width":"","neve_meta_content_width":0,"neve_meta_title_alignment":"","neve_meta_author_avatar":"","neve_post_elements_order":"","neve_meta_disable_header":"","neve_meta_disable_footer":"","neve_meta_disable_title":""},"categories":[5],"tags":[187,186,53,183,135],"_links":{"self":[{"href":"https:\/\/bpzoliborz.pl\/bpzoliborz\/index.php\/wp-json\/wp\/v2\/posts\/2446"}],"collection":[{"href":"https:\/\/bpzoliborz.pl\/bpzoliborz\/index.php\/wp-json\/wp\/v2\/posts"}],"about":[{"href":"https:\/\/bpzoliborz.pl\/bpzoliborz\/index.php\/wp-json\/wp\/v2\/types\/post"}],"author":[{"embeddable":true,"href":"https:\/\/bpzoliborz.pl\/bpzoliborz\/index.php\/wp-json\/wp\/v2\/users\/10"}],"replies":[{"embeddable":true,"href":"https:\/\/bpzoliborz.pl\/bpzoliborz\/index.php\/wp-json\/wp\/v2\/comments?post=2446"}],"version-history":[{"count":5,"href":"https:\/\/bpzoliborz.pl\/bpzoliborz\/index.php\/wp-json\/wp\/v2\/posts\/2446\/revisions"}],"predecessor-version":[{"id":2717,"href":"https:\/\/bpzoliborz.pl\/bpzoliborz\/index.php\/wp-json\/wp\/v2\/posts\/2446\/revisions\/2717"}],"wp:featuredmedia":[{"embeddable":true,"href":"https:\/\/bpzoliborz.pl\/bpzoliborz\/index.php\/wp-json\/wp\/v2\/media\/2258"}],"wp:attachment":[{"href":"https:\/\/bpzoliborz.pl\/bpzoliborz\/index.php\/wp-json\/wp\/v2\/media?parent=2446"}],"wp:term":[{"taxonomy":"category","embeddable":true,"href":"https:\/\/bpzoliborz.pl\/bpzoliborz\/index.php\/wp-json\/wp\/v2\/categories?post=2446"},{"taxonomy":"post_tag","embeddable":true,"href":"https:\/\/bpzoliborz.pl\/bpzoliborz\/index.php\/wp-json\/wp\/v2\/tags?post=2446"}],"curies":[{"name":"wp","href":"https:\/\/api.w.org\/{rel}","templated":true}]}}