{"id":22860,"date":"2024-07-23T13:22:38","date_gmt":"2024-07-23T11:22:38","guid":{"rendered":"https:\/\/bpzoliborz.pl\/bpzoliborz\/?p=22860"},"modified":"2024-07-23T13:33:11","modified_gmt":"2024-07-23T11:33:11","slug":"letnia-pora-pocztowka-na-plotnie-warsztaty-artystyczne","status":"publish","type":"post","link":"https:\/\/bpzoliborz.pl\/bpzoliborz\/index.php\/2024\/07\/23\/letnia-pora-pocztowka-na-plotnie-warsztaty-artystyczne\/","title":{"rendered":"Letni\u0105 por\u0105 &#8211; poczt\u00f3wka na p\u0142\u00f3tnie &#8211; warsztaty artystyczne"},"content":{"rendered":"\n<p>12 lipca na warsztatach artystycznych w <a href=\"https:\/\/bpzoliborz.pl\/bpzoliborz\/index.php\/biblioteka-dla-dzieci-nr-xv\/\" data-type=\"page\" data-id=\"166\">Bibliotece na Broniewskiego 9A<\/a>, kt\u00f3re odby\u0142y si\u0119 w ramach akcji &#8220;Lata w mie\u015bcie&#8221;, zrobili\u015bmy pi\u0119kne kolorowe torby. Motywem przewodnim by\u0142y wakacyjne pejza\u017ce, kt\u00f3re mo\u017cna by\u0142o wykona\u0107 z kolorowych filc\u00f3w. Uczestnicy mieli do dyspozycji r\u00f3wnie\u017c farby, pastele, szablony i inne akcesoria, kt\u00f3rymi przyozdabiali torby. Efekty ko\u0144cowe by\u0142y dla wszystkich du\u017cym zaskoczeniem. Cieszymy si\u0119, \u017ce w mi\u0142ym gronie sp\u0119dzili\u015bmy popo\u0142udnie na kreatywnym tworzeniu &#8220;poczt\u00f3wek na p\u0142\u00f3tnie&#8221; .<\/p>\n\n\n\n<figure class=\"wp-block-gallery columns-1 is-cropped\"><ul class=\"blocks-gallery-grid\"><li class=\"blocks-gallery-item\"><figure><img loading=\"lazy\" width=\"1080\" height=\"675\" src=\"https:\/\/bpzoliborz.pl\/bpzoliborz\/wp-content\/uploads\/2024\/07\/Warsztaty-artystyczne.png\" alt=\"grafika przedstawiaj\u0105ca kola\u017c zdj\u0119\u0107, na kt\u00f3rych wida\u0107 uczestnik\u00f3w podczas warsztat\u00f3w artystycznych oraz efekty ich prac-kolorowe torby  z filcowymi mini ilustracjami, rysunkami i plastycznymi aplikacjami.\" data-id=\"22862\" data-full-url=\"https:\/\/bpzoliborz.pl\/bpzoliborz\/wp-content\/uploads\/2024\/07\/Warsztaty-artystyczne.png\" data-link=\"https:\/\/bpzoliborz.pl\/bpzoliborz\/?attachment_id=22862\" class=\"wp-image-22862\" srcset=\"https:\/\/bpzoliborz.pl\/bpzoliborz\/wp-content\/uploads\/2024\/07\/Warsztaty-artystyczne.png 1080w, https:\/\/bpzoliborz.pl\/bpzoliborz\/wp-content\/uploads\/2024\/07\/Warsztaty-artystyczne-768x480.png 768w\" sizes=\"(max-width: 1080px) 100vw, 1080px\" \/><\/figure><\/li><\/ul><\/figure>\n","protected":false},"excerpt":{"rendered":"<p>12 lipca na warsztatach artystycznych w Bibliotece na Broniewskiego 9A, kt\u00f3re odby\u0142y si\u0119 w ramach akcji &#8220;Lata w mie\u015bcie&#8221;, zrobili\u015bmy pi\u0119kne kolorowe torby. Motywem przewodnim by\u0142y wakacyjne pejza\u017ce, kt\u00f3re mo\u017cna by\u0142o wykona\u0107 z kolorowych filc\u00f3w. Uczestnicy mieli do dyspozycji r\u00f3wnie\u017c farby, pastele, szablony i inne akcesoria, kt\u00f3rymi przyozdabiali torby. Efekty ko\u0144cowe by\u0142y dla wszystkich du\u017cym&hellip;&nbsp;<a href=\"https:\/\/bpzoliborz.pl\/bpzoliborz\/index.php\/2024\/07\/23\/letnia-pora-pocztowka-na-plotnie-warsztaty-artystyczne\/\" class=\"\" rel=\"bookmark\">Czytaj wi\u0119cej &raquo;<span class=\"screen-reader-text\">Letni\u0105 por\u0105 &#8211; poczt\u00f3wka na p\u0142\u00f3tnie &#8211; warsztaty artystyczne<\/span><\/a><\/p>\n","protected":false},"author":18,"featured_media":22866,"comment_status":"closed","ping_status":"closed","sticky":false,"template":"","format":"standard","meta":{"_stopmodifiedupdate":false,"_modified_date":"","_eb_attr":"","neve_meta_sidebar":"","neve_meta_container":"","neve_meta_enable_content_width":"","neve_meta_content_width":0,"neve_meta_title_alignment":"","neve_meta_author_avatar":"","neve_post_elements_order":"","neve_meta_disable_header":"","neve_meta_disable_footer":"","neve_meta_disable_title":""},"categories":[10],"tags":[752,1459,813],"_links":{"self":[{"href":"https:\/\/bpzoliborz.pl\/bpzoliborz\/index.php\/wp-json\/wp\/v2\/posts\/22860"}],"collection":[{"href":"https:\/\/bpzoliborz.pl\/bpzoliborz\/index.php\/wp-json\/wp\/v2\/posts"}],"about":[{"href":"https:\/\/bpzoliborz.pl\/bpzoliborz\/index.php\/wp-json\/wp\/v2\/types\/post"}],"author":[{"embeddable":true,"href":"https:\/\/bpzoliborz.pl\/bpzoliborz\/index.php\/wp-json\/wp\/v2\/users\/18"}],"replies":[{"embeddable":true,"href":"https:\/\/bpzoliborz.pl\/bpzoliborz\/index.php\/wp-json\/wp\/v2\/comments?post=22860"}],"version-history":[{"count":3,"href":"https:\/\/bpzoliborz.pl\/bpzoliborz\/index.php\/wp-json\/wp\/v2\/posts\/22860\/revisions"}],"predecessor-version":[{"id":22865,"href":"https:\/\/bpzoliborz.pl\/bpzoliborz\/index.php\/wp-json\/wp\/v2\/posts\/22860\/revisions\/22865"}],"wp:featuredmedia":[{"embeddable":true,"href":"https:\/\/bpzoliborz.pl\/bpzoliborz\/index.php\/wp-json\/wp\/v2\/media\/22866"}],"wp:attachment":[{"href":"https:\/\/bpzoliborz.pl\/bpzoliborz\/index.php\/wp-json\/wp\/v2\/media?parent=22860"}],"wp:term":[{"taxonomy":"category","embeddable":true,"href":"https:\/\/bpzoliborz.pl\/bpzoliborz\/index.php\/wp-json\/wp\/v2\/categories?post=22860"},{"taxonomy":"post_tag","embeddable":true,"href":"https:\/\/bpzoliborz.pl\/bpzoliborz\/index.php\/wp-json\/wp\/v2\/tags?post=22860"}],"curies":[{"name":"wp","href":"https:\/\/api.w.org\/{rel}","templated":true}]}}