{"id":22461,"date":"2024-06-24T18:04:17","date_gmt":"2024-06-24T16:04:17","guid":{"rendered":"https:\/\/bpzoliborz.pl\/bpzoliborz\/?p=22461"},"modified":"2024-06-26T14:16:27","modified_gmt":"2024-06-26T12:16:27","slug":"final-ii-zoliborskiego-konkursu-recytatorskiego-im-joanny-kulmowej","status":"publish","type":"post","link":"https:\/\/bpzoliborz.pl\/bpzoliborz\/index.php\/2024\/06\/24\/final-ii-zoliborskiego-konkursu-recytatorskiego-im-joanny-kulmowej\/","title":{"rendered":"Fina\u0142 II \u017boliborskiego Konkursu Recytatorskiego im. Joanny Kulmowej &#8211; relacja"},"content":{"rendered":"\n<div class=\"wp-block-media-text alignwide is-stacked-on-mobile\" style=\"grid-template-columns:35% auto\"><figure class=\"wp-block-media-text__media\"><img loading=\"lazy\" width=\"1080\" height=\"675\" src=\"https:\/\/bpzoliborz.pl\/bpzoliborz\/wp-content\/uploads\/2022\/06\/Joanna-Kulmowa-1.png\" alt=\"na niebieskim tle napis &quot;Joanna Kulmowa 25.03.1928-17.06.2018&quot; oraz grafika przedstawiaj\u0105ca Joann\u0119 Kulmow\u0105\" class=\"wp-image-10602 size-full\" srcset=\"https:\/\/bpzoliborz.pl\/bpzoliborz\/wp-content\/uploads\/2022\/06\/Joanna-Kulmowa-1.png 1080w, https:\/\/bpzoliborz.pl\/bpzoliborz\/wp-content\/uploads\/2022\/06\/Joanna-Kulmowa-1-768x480.png 768w\" sizes=\"(max-width: 1080px) 100vw, 1080px\" \/><\/figure><div class=\"wp-block-media-text__content\">\n<p class=\"has-medium-font-size\">W my\u015bl kontynuacji upami\u0119tnienia tw\u00f3rczo\u015bci <strong>Joanny Kulmowej<\/strong> oraz r\u00f3\u017cnych wydarze\u0144 organizowanych w Bibliotece w ramach projektu \u201eDzieci Kulmowej &#8211; Kulmowa Dzieciom\u201d odby\u0142 si\u0119 <strong>Drugi \u017boliborski Konkurs Recytatorski im. Joanny Kulmowej pod patronatem Burmistrza Dzielnicy \u017boliborz \u2013 Pani Renaty Koz\u0142owskiej, kt\u00f3ry mia\u0142 zasi\u0119g og\u00f3lnowarszawski.<\/strong><\/p>\n<\/div><\/div>\n\n\n\n<div style=\"height:20px\" aria-hidden=\"true\" class=\"wp-block-spacer\"><\/div>\n\n\n\n<p class=\"has-text-align-center has-nv-site-bg-color has-text-color has-background\" style=\"background-color:#003f47;font-size:17px\"><strong>G\u0142\u00f3wnym za\u0142o\u017ceniem projektu jest promocja czytelnictwa, upowszechnianie wiedzy i kultury, kszta\u0142towanie postaw spo\u0142ecznych oraz edukacja dzieci i m\u0142odzie\u017cy w oparciu<br>o tw\u00f3rczo\u015b\u0107 Joanny Kulmowej.<\/strong><\/p>\n\n\n\n<div style=\"height:20px\" aria-hidden=\"true\" class=\"wp-block-spacer\"><\/div>\n\n\n\n<figure class=\"wp-block-image size-large\"><img loading=\"lazy\" width=\"1080\" height=\"720\" src=\"https:\/\/bpzoliborz.pl\/bpzoliborz\/wp-content\/uploads\/2024\/06\/konkurs-recytatorski-kulmowa-22.06.2024-final-8.jpg\" alt=\"Zdj\u0119cie z II \u017boliborskiego Konkursu Recytatorskiego im. Joanny Kulmowej zorganizowanego przez Bibliotek\u0119 Publiczn\u0105 w Dzielnicy \u017boliborz, Spo\u0142eczny Dom Kultury WSM oraz Fundacj\u0119 Joanny i Jana Kulm\u00f3w. Fotel z umieszczon\u0105 na nim fotografi\u0105 Joanny Kulmowej oraz kwiatami na scenie Spo\u0142ecznego Domu Kultury.\" class=\"wp-image-22518\" srcset=\"https:\/\/bpzoliborz.pl\/bpzoliborz\/wp-content\/uploads\/2024\/06\/konkurs-recytatorski-kulmowa-22.06.2024-final-8.jpg 1080w, https:\/\/bpzoliborz.pl\/bpzoliborz\/wp-content\/uploads\/2024\/06\/konkurs-recytatorski-kulmowa-22.06.2024-final-8-768x512.jpg 768w, https:\/\/bpzoliborz.pl\/bpzoliborz\/wp-content\/uploads\/2024\/06\/konkurs-recytatorski-kulmowa-22.06.2024-final-8-391x260.jpg 391w, https:\/\/bpzoliborz.pl\/bpzoliborz\/wp-content\/uploads\/2024\/06\/konkurs-recytatorski-kulmowa-22.06.2024-final-8-930x620.jpg 930w\" sizes=\"(max-width: 1080px) 100vw, 1080px\" \/><\/figure>\n\n\n\n<div style=\"height:18px\" aria-hidden=\"true\" class=\"wp-block-spacer\"><\/div>\n\n\n\n<p class=\"has-text-align-center\" style=\"font-size:17px\"><strong>Fina\u0142 Konkursu odby\u0142 si\u0119 22 czerwca 2024 r. w sali Spo\u0142ecznego Domu Kultury<\/strong> dzi\u0119ki uprzejmo\u015bci i wsp\u00f3\u0142organizacji Warszawskiej Sp\u00f3\u0142dzielni Mieszkaniowej, a uroczysto\u015b\u0107 poprowadzili Dyrektor Biblioteki Publicznej w Dzielnicy \u017boliborz m.st. Warszawy \u2013 <strong>Pani<\/strong> <strong>Ma\u0142gorzata Kocot<\/strong> oraz Dyrektor Spo\u0142ecznego Domu Kultury \u2013 <strong>Pan<\/strong> <strong>Pawe\u0142 \u015awi\u0119torecki<\/strong>.<\/p>\n\n\n\n<p class=\"has-text-align-center\" style=\"font-size:17px\">Do konkursu zg\u0142osi\u0142o si\u0119 <strong>112<\/strong> uczni\u00f3w z warszawskich szk\u00f3\u0142.<\/p>\n\n\n\n<div style=\"height:17px\" aria-hidden=\"true\" class=\"wp-block-spacer\"><\/div>\n\n\n\n<div class=\"wp-block-media-text alignwide has-media-on-the-right is-stacked-on-mobile\" style=\"grid-template-columns:auto 33%\"><figure class=\"wp-block-media-text__media\"><img loading=\"lazy\" width=\"1080\" height=\"782\" src=\"https:\/\/bpzoliborz.pl\/bpzoliborz\/wp-content\/uploads\/2024\/06\/przesluchania-konkurs-recytatorski-kulmowa.jpg\" alt=\"uczestnicy \u017coliborskiego konkursu recytatorskiego im. joanny kulmowej w sali spo\u0142ecznego domu kultury wsm\" class=\"wp-image-22563 size-full\" srcset=\"https:\/\/bpzoliborz.pl\/bpzoliborz\/wp-content\/uploads\/2024\/06\/przesluchania-konkurs-recytatorski-kulmowa.jpg 1080w, https:\/\/bpzoliborz.pl\/bpzoliborz\/wp-content\/uploads\/2024\/06\/przesluchania-konkurs-recytatorski-kulmowa-768x556.jpg 768w\" sizes=\"(max-width: 1080px) 100vw, 1080px\" \/><\/figure><div class=\"wp-block-media-text__content\">\n<p style=\"font-size:17px\">Przes\u0142uchania konkursowe odby\u0142y si\u0119 w dniach <strong>20 i 21 maja 2024 r<\/strong>. Udzia\u0142 wzi\u0119\u0142o 90 uczestniczek i uczestnik\u00f3w. Uczestnicy oceniani byli w nast\u0119puj\u0105cych kategoriach wiekowych: <strong>uczniowie klas 1-3; uczniowie klas 4 -6; uczniowie klas 7- 8.<\/strong><\/p>\n<\/div><\/div>\n\n\n\n<div style=\"height:23px\" aria-hidden=\"true\" class=\"wp-block-spacer\"><\/div>\n\n\n\n<p class=\"has-text-align-center\" style=\"font-size:17px\">W ka\u017cdej kategorii wiekowej Jury konkursu pod przewodnictwem <strong>Ma\u0142gorzaty J. Berwid<\/strong> w sk\u0142adzie:<\/p>\n\n\n\n<ol style=\"font-size:17px\"><li><strong>Wojciech Wysocki<\/strong> \u2013 aktor teatralny i telewizyjny<\/li><li><strong>Krzysztof Wi\u015bniewski<\/strong> \u2013 Dyrektor Teatru Komedia<\/li><li><strong>Monika Wellman<\/strong> \u2013 kuzynka Jana Kulmy<\/li><li><strong>Ma\u0142gorzata J. Berwid<\/strong> \u2013 Ciotka Ksi\u0105\u017ckula, Mama Chrzestna Kulfona i Moniki, Budzika, autorka Molik\u00f3w Ksi\u0105\u017ckowych<\/li><li><strong>Jakub T. Wolski<\/strong> \u2013 pomys\u0142odawca projektu, by\u0142y dyplomata, wieloletni czytelnik naszej biblioteki<\/li><li><strong>Pawe\u0142 \u015awi\u0119torecki<\/strong> \u2013 Dyrektor Spo\u0142ecznego Domu Kultury<\/li><li><strong>Ma\u0142gorzata Kocot<\/strong> \u2013 Dyrektor Biblioteki Publicznej w Dzielnicy \u017boliborz,<\/li><li><strong>Dorota Ba\u0142uszy\u0144ska-Srebro<\/strong> \u2013 autorka ksi\u0105\u017cek fantasy, science fiction, literatura dzieci\u0119ca <\/li><\/ol>\n\n\n\n<p class=\"has-text-align-center\" style=\"font-size:17px\"><strong>przyzna\u0142o nagrody i wyr\u00f3\u017cnienia<\/strong> ufundowane przez Bibliotek\u0119 Publiczn\u0105 w Dzielnicy \u017boliborz m. st. Warszawy, Fundacj\u0119 Joanny Kulmowej i Jana Kulmy, Wydawnictwo GRANNA, Oficyn\u0119 Wydawnicz\u0105 G&amp;P Pozna\u0144, Firm\u0119 Mirage Hobby, Warszawsk\u0105 Sp\u00f3\u0142dzielni\u0119 Mieszkaniow\u0105. <\/p>\n\n\n\n<p class=\"has-text-align-center\" style=\"font-size:17px\"><strong>Wsp\u00f3\u0142organizatorami wydarzenia byli: Spo\u0142eczny Dom Kultury Warszawskiej Sp\u00f3\u0142dzielni Mieszkaniowej, Urz\u0105d Dzielnicy \u017boliborz oraz Fundacja Joanny Kulmowej i Jana Kulmy. Naszymi Partnerami zostali: Rada Miasta Szczecin, Wydawnictwo Granna, Mirage Hobby, Teatr WaWa oraz G&amp;P Oficyna wydawnicza Pozna\u0144, natomiast Patronami: TVP Warszawa i portal informacyjny Tu\u017boliborz.<\/strong><\/p>\n\n\n\n<p class=\"has-text-align-center\" style=\"font-size:17px\">Wszyscy uczestnicy otrzymali pami\u0105tkowe dyplomy oraz upominki.<\/p>\n\n\n\n<hr class=\"wp-block-separator\"\/>\n\n\n\n<p class=\"has-text-align-center\" style=\"font-size:17px\">Go\u015bciem specjalnym Koncertu Laureat\u00f3w by\u0142a dr hab. <strong>Urszula Ch\u0119ci\u0144ska<\/strong> \u2013 prof. Uniwersytetu Szczeci\u0144skiego a zarazem Prezes Fundacji Joanny i Jana Kulm\u00f3w, kt\u00f3ra w wyst\u0105pieniu przekaza\u0142a pi\u0119kne przes\u0142anie skierowane do rodzic\u00f3w i nauczycieli.<\/p>\n\n\n\n<p class=\"has-text-align-center\" style=\"font-size:17px\">Uroczysto\u015b\u0107 wzbogaci\u0142 koncert poetycko \u2013 muzyczny w wykonaniu <strong>Teatru WaWa<\/strong> pt.: \u201ePoezja Joanny Kulmowej w muzycznej ods\u0142onie\u201d w wykonaniu Magdy Ku\u015bnierz i Marka Komarnickiego do muzyki Tomasza Czekalskiego, kt\u00f3rzy zaanga\u017cowali w wyst\u0119p publiczno\u015b\u0107.<\/p>\n\n\n\n<p class=\"has-text-align-center\" style=\"font-size:17px\">Dla go\u015bci wyst\u0105pi\u0142a te\u017c <strong>Emilia Sentkowska<\/strong> &#8211; uczestniczka 3 edycji The Voice Kids z 2020 roku.<\/p>\n\n\n\n<p class=\"has-text-align-center\" style=\"font-size:17px\">Na koniec gali by\u0142a s\u0142odka niespodzianka \u2013 dwupi\u0119trowy tort ufundowany przez Rad\u0119 Miasta Szczecin.<\/p>\n\n\n\n<hr class=\"wp-block-separator\"\/>\n\n\n\n<p class=\"has-text-align-center\" style=\"font-size:17px\"><strong>Lista nagrodzonych uczestnik\u00f3w Drugiego \u017boliborskiego Konkursu Recytatorskiego<\/strong><br><strong>im. Joanny Kulmowej<\/strong><\/p>\n\n\n\n<p class=\"has-text-align-center\" style=\"font-size:17px\"><strong>Grupa wiekowa klasy 1-3<\/strong><\/p>\n\n\n\n<p>Nagrody wr\u0119cza\u0142a Burmistrz Dzielnicy \u017boliborz &#8211; Pani Renata Koz\u0142owska<\/p>\n\n\n\n<p style=\"font-size:17px\">1. Malicka Marcelina \u2013 1 miejsce<\/p>\n\n\n\n<p style=\"font-size:17px\">2. Dejnek Leopold \u2013 2 miejsce<\/p>\n\n\n\n<p style=\"font-size:17px\">3. Pedrycz Bogumi\u0142 \u2013 3 miejsce<\/p>\n\n\n\n<p class=\"has-text-align-center\" style=\"font-size:17px\"><strong>Grupa wiekowa  klasy 4-6<\/strong><\/p>\n\n\n\n<p>Nagrody wr\u0119cza\u0142a Prezes Fundacji Joanny Kulmowej i Jana Kulmy &#8211; Pani Urszula Ch\u0119ci\u0144ska<\/p>\n\n\n\n<p style=\"font-size:17px\">1. \u017bandarowska Kalina \u2013 1 miejsce, Nagroda Fundacji Joanny Kulmowej i Jana Kulmy<\/p>\n\n\n\n<p style=\"font-size:17px\">2. Klicki Stanis\u0142aw \u2013 2 miejsce, Nagroda Warszawskiej Sp\u00f3\u0142dzielni Mieszkaniowej oraz Spo\u0142ecznego Domu Kultury WSM<\/p>\n\n\n\n<p style=\"font-size:17px\">3. Kuczy\u0144ska Zofia \u2013 3 miejsce<\/p>\n\n\n\n<p class=\"has-text-align-center\" style=\"font-size:17px\"><strong>Grupa wiekowa klasy 7-8<\/strong><\/p>\n\n\n\n<p>Nagrody wr\u0119cza\u0142 &nbsp;Zast\u0119pca Burmistrza Dzielnicy \u017boliborz &#8211; Tomasz Mielcarz<\/p>\n\n\n\n<p style=\"font-size:17px\">1. Osajda Adam \u2013 1 miejsce<\/p>\n\n\n\n<p style=\"font-size:17px\">2. Pradied Yanchak Veronika \u2013 2 miejsce<\/p>\n\n\n\n<p style=\"font-size:17px\">3. Stypich Emilia \u2013 3 miejsce<\/p>\n\n\n\n<p><\/p>\n\n\n\n<p class=\"has-text-align-center\"><strong>WYR\u00d3\u017bNIENIA JURORSKIE<\/strong><\/p>\n\n\n\n<p>Wyr\u00f3\u017cnienia wr\u0119cza\u0142 Pan Wojciech Wysocki, &#8220;siostrzeniec&#8221; Pa\u0144stwa Kulm\u00f3w<\/p>\n\n\n\n<p>1.Bojarowska Krystyna (1-3)<\/p>\n\n\n\n<p>2.Drobiecki Jakub (1-3)<\/p>\n\n\n\n<p>3.Konarski Tymoteusz (1-3)<\/p>\n\n\n\n<p>4.Ustyja\u0144czuk Kinga (1-3)<\/p>\n\n\n\n<p>5.Ku\u0107 Natalia (4-6)<\/p>\n\n\n\n<p>6.Odzinkowska Bianka (4-6)<\/p>\n\n\n\n<p>7.Osajda Juliusz (4-6)<\/p>\n\n\n\n<p>8.Kr\u0119tkowska Alicja (7-8)<\/p>\n\n\n\n<p>9.Stadryniak Piotr (7-8)<\/p>\n\n\n\n<p>10.Studniarek R\u00f3\u017ca (7-8)<\/p>\n\n\n\n<p class=\"has-text-align-center\" style=\"font-size:17px\"><strong>Nagrody Jury:<\/strong><\/p>\n\n\n\n<ul style=\"font-size:17px\"><li>\u017bandarowska Kalina (4-6) &#8211; Nagroda Fundacji Joanny Kulmowej i Jana Kulmy, wr\u0119cza\u0142a Pani Urszula Ch\u0119ci\u0144ska &#8211; Prezes Fundacji<\/li><li>Latek Ewa (4-6) &#8211; Nagroda Rodziny Kulm\u00f3w, wr\u0119cza\u0142a Pani Monika Wellman &#8211; kuzynka Jana Kulmy<\/li><li>Klicki Stanis\u0142aw Nagroda Warszawskiej Sp\u00f3\u0142dzielni Mieszkaniowej i Spo\u0142ecznego Domu Kultury, wr\u0119czali Pani Monika Wellman &#8211; kuzynka Jana Kulmy oraz Pan Pawe\u0142 \u015awi\u0119torecki &#8211; Dyrektor SDK<\/li><li>Hoffman Klara (4-6) &#8211; Nagroda Krzysztofa Wi\u015bniewskiego Dyrektora Teatru Komedia, wr\u0119cza\u0142 Pan Pawe\u0142 \u015awi\u0119torecki &#8211; Dyrektor SDK<\/li><li>Aleksandrowicz Olivier (7-8)- Nagroda Jakuba T. Wolskiego &#8211; jurora konkursu, wr\u0119cza\u0142 Pan Jakub T. Wolski<\/li><li>Duli\u0144ska Zofia (1-3) &#8211; Nagroda Doroty Ba\u0142uszy\u0144skiej &#8211; Srebro &#8211; autorki ksi\u0105\u017cek dla dzieci, wr\u0119cza\u0142a Pani Dorota Ba\u0142uszy\u0144ska-Srebro<\/li><li>Pliszka Aleksander (1-3) &#8211; Nagroda Ma\u0142gorzaty Kocot Dyrektora Biblioteki Publicznej w Dzielnicy \u017boliborz m. st. Warszawy, wr\u0119cza\u0142a Pani Ma\u0142gorzata Kocot  <\/li><li>Czajka Apolonia (4-6), Kr\u0119\u017co\u0142ek Antoni (4-6), Pogoda Aleksander (4-6), Zych Karol (4-6) &#8211; Nagroda Ma\u0142gorzaty J. Berwid Ciotki Ksi\u0105\u017ckuli, wr\u0119cza\u0142a Ma\u0142gorzata J. Berwid<\/li><\/ul>\n\n\n\n<p>Dyplomy za udzia\u0142 w Drugim \u017boliborskim Konkursie Recytatorskim im. Joanny Kulmowej wr\u0119cza\u0142a uczestnikom <strong>Pani Anna Gruszczy\u0144ska &#8211; Kurator Izby Pami\u0119ci Marii Kownackiej na \u017boliborzu.<\/strong><\/p>\n\n\n\n<hr class=\"wp-block-separator is-style-dots\"\/>\n\n\n\n<p class=\"has-text-align-center\" style=\"font-size:19px\"><strong><br>Zdj\u0119cia z Fina\u0142u II \u017boliborskiego Konkursu Recytatorskiego im. Joanny Kulmowej<\/strong><\/p>\n\n\n<style>#jtg-22564 .modula-item .jtg-social a, .lightbox-socials.jtg-social a{ color: #ffffff }#jtg-22564 .modula-item .jtg-social svg, .lightbox-socials.jtg-social svg { height: 16px; width: 16px }#jtg-22564 .modula-item .jtg-social a:not(:last-child), .lightbox-socials.jtg-social a:not(:last-child) { margin-right: 10px }#jtg-22564 .modula-item .figc {color:#ffffff;}#jtg-22564 .modula-item .modula-item-content { transform: scale(1) }#jtg-22564 { width:100%;}#jtg-22564 .modula-items{height:800px;}@media screen and (max-width: 992px) {#jtg-22564 .modula-items{height:800px;}}@media screen and (max-width: 768px) {#jtg-22564 .modula-items{height:800px;}}#jtg-22564 .modula-items .figc p.description { font-size:14px; }#jtg-22564 .modula-items .figc p.description { color:#ffffff;}#jtg-22564.modula-gallery .modula-item > a, #jtg-22564.modula-gallery .modula-item, #jtg-22564.modula-gallery .modula-item-content > a:not(.modula-no-follow) { cursor:zoom-in; } #jtg-22564.modula-gallery .modula-item-content .modula-no-follow { cursor: default; } @media screen and (max-width:480px){#jtg-22564 .modula-item .figc .jtg-title {  font-size: 12px; }#jtg-22564 .modula-items .figc p.description { color:#ffffff;font-size:10px; }}<\/style>\n<!-- Gallery Container -->\r\n<div  id=\"jtg-22564\" class=\"modula modula-gallery modula-creative-gallery\" data-config=\"{&quot;height&quot;:800,&quot;tabletHeight&quot;:800,&quot;mobileHeight&quot;:800,&quot;desktopHeight&quot;:800,&quot;enableTwitter&quot;:false,&quot;enableWhatsapp&quot;:false,&quot;enableFacebook&quot;:false,&quot;enablePinterest&quot;:false,&quot;enableLinkedin&quot;:false,&quot;enableEmail&quot;:false,&quot;randomFactor&quot;:0.5,&quot;type&quot;:&quot;creative-gallery&quot;,&quot;columns&quot;:12,&quot;gutter&quot;:10,&quot;mobileGutter&quot;:10,&quot;tabletGutter&quot;:10,&quot;desktopGutter&quot;:10,&quot;enableResponsive&quot;:&quot;0&quot;,&quot;tabletColumns&quot;:2,&quot;mobileColumns&quot;:1,&quot;lazyLoad&quot;:true,&quot;lightboxOpts&quot;:{&quot;loop&quot;:false,&quot;arrows&quot;:true,&quot;toolbar&quot;:true,&quot;keyboard&quot;:true,&quot;wheel&quot;:false,&quot;buttons&quot;:[&quot;close&quot;],&quot;hash&quot;:false,&quot;lang&quot;:&quot;en&quot;,&quot;touch&quot;:false,&quot;protect&quot;:false,&quot;i18n&quot;:{&quot;en&quot;:{&quot;CLOSE&quot;:&quot;Zamknij&quot;,&quot;NEXT&quot;:&quot;Nast\\u0119pny&quot;,&quot;PREV&quot;:&quot;Poprzedni&quot;,&quot;Error&quot;:&quot;Nie mo\\u017cna za\\u0142adowa\\u0107 \\u017c\\u0105danej tre\\u015bci. Spr\\u00f3buj ponownie p\\u00f3\\u017aniej.&quot;,&quot;PLAY_START&quot;:&quot;Rozpocznij pokaz slajd\\u00f3w&quot;,&quot;PLAY_STOP&quot;:&quot;Zatrzymaj pokaz slajd\\u00f3w&quot;,&quot;FULL_SCREEN&quot;:&quot;Pe\\u0142ny ekran&quot;,&quot;THUMBS&quot;:&quot;Miniatury&quot;,&quot;DOWNLOAD&quot;:&quot;Pobieranie&quot;,&quot;SHARE&quot;:&quot;Udost\\u0119pnij&quot;,&quot;ZOOM&quot;:&quot;Powi\\u0119kszenie&quot;}},&quot;clickSlide&quot;:false,&quot;clickOutside&quot;:false,&quot;dblclickContent&quot;:false,&quot;dblclickSlide&quot;:false,&quot;dblclickOutside&quot;:false,&quot;clickContent&quot;:false,&quot;baseTpl&quot;:&quot;&lt;div class=\\&quot;modula-fancybox-container modula-lightbox-jtg-22564\\&quot; role=\\&quot;dialog\\&quot; tabindex=\\&quot;-1\\&quot;&gt;&lt;div class=\\&quot;modula-fancybox-bg\\&quot;&gt;&lt;\\\/div&gt;&lt;div class=\\&quot;modula-fancybox-inner\\&quot;&gt;&lt;div class=\\&quot;modula-fancybox-infobar\\&quot;&gt;&lt;span data-fancybox-index&gt;&lt;\\\/span&gt;&nbsp;\\\/&nbsp;&lt;span data-fancybox-count&gt;&lt;\\\/span&gt;&lt;\\\/div&gt;&lt;div class=\\&quot;modula-fancybox-toolbar\\&quot;&gt;{{buttons}}&lt;\\\/div&gt;&lt;div class=\\&quot;modula-fancybox-navigation\\&quot;&gt;{{arrows}}&lt;\\\/div&gt;&lt;div class=\\&quot;modula-fancybox-stage\\&quot;&gt;&lt;\\\/div&gt;&lt;div class=\\&quot;modula-fancybox-caption\\&quot;&gt;&lt;div class=\\&quot;modula-fancybox-caption__body\\&quot;&gt;&lt;\\\/div&gt;&lt;\\\/div&gt;&lt;\\\/div&gt;&lt;\\\/div&gt;&quot;},&quot;inView&quot;:false,&quot;email_subject&quot;:&quot;Sprawd\\u017a ten niesamowity obrazek!&quot;,&quot;email_message&quot;:&quot;Oto odno\\u015bnik do obrazku: %%image_link%%, a to odno\\u015bnik do galerii: %%gallery_link%%&quot;,&quot;lightbox&quot;:&quot;fancybox&quot;}\">\r\n\r\n\t\r\n\t<!-- Items Container -->\r\n\t<div  class=\"modula-items\">\r\n\t\t<div class=\"modula-item effect-pufrobo\" >\r\n\t<div class=\"modula-item-overlay\"><\/div>\r\n\r\n\t<div class=\"modula-item-content\">\r\n\r\n\t\t\t\t\r\n\t\t\t\t\t<a data-image-id=\"22514\" data-elementor-open-lightbox=\"no\" rel=\"jtg-22564\" data-caption=\"Dyrektor Spo\u0142ecznego Domu Kultury Warszawskiej Sp\u00f3\u0142dzielni Mieszkaniowej - Pawe\u0142 \u015awi\u0119torecki oraz Dyrektor Biblioteki Publicznej w Dzielnicy \u017boliborz m.st. Warszawy - Ma\u0142gorzata Kocot rozpoczynaj\u0105 koncert laureat\u00f3w II \u017boliborskiego Konkursu Recytatorskiego im. Joanny Kulmowej\" aria-label=\"Otw\u00f3rz obrazek w Lightboxie\" role=\"button\" class=\"tile-inner modula-item-link\"><\/a>\r\n\t\t\r\n\t\t<img class=\"pic wp-image-22514 lazyload\"  data-valign=\"middle\" data-halign=\"center\" alt=\"Zdj\u0119cie z II \u017boliborskiego Konkursu Recytatorskiego im. Joanny Kulmowej zorganizowanego przez Bibliotek\u0119 Publiczn\u0105 w Dzielnicy \u017boliborz, Spo\u0142eczny Dom Kultury WSM oraz Fundacj\u0119 Joanny i Jana Kulm\u00f3w. Dyrektor Spo\u0142ecznego Domu Kultury WSM oraz Biblioteki \u017boliborskiej przemawiaj\u0105 na scenie Spo\u0142ecznego DOmu Kultury, w tle baner z napisem \u017boliborski Konkurs Recytatorski im. Joanny Kulmowej oraz sztalugi z fragmentami utwor\u00f3w Joanny Kulmowej i rollup Biblioteki Publicznej w Dzielnicy \u017boliborz m.st. Warszawy.\" data-full=\"https:\/\/bpzoliborz.pl\/bpzoliborz\/wp-content\/uploads\/2024\/06\/konkurs-recytatorski-kulmowa-22.06.2024-final-4.jpg\" title=\"konkurs recytatorski kulmowa 22.06.2024 fina\u0142 (4)\" width=\"1080\" height=\"720\" data-src=\"https:\/\/bpzoliborz.pl\/bpzoliborz\/wp-content\/uploads\/2024\/06\/konkurs-recytatorski-kulmowa-22.06.2024-final-4.jpg\" data-caption=\"Dyrektor Spo\u0142ecznego Domu Kultury Warszawskiej Sp\u00f3\u0142dzielni Mieszkaniowej - Pawe\u0142 \u015awi\u0119torecki oraz Dyrektor Biblioteki Publicznej w Dzielnicy \u017boliborz m.st. Warszawy - Ma\u0142gorzata Kocot rozpoczynaj\u0105 koncert laureat\u00f3w II \u017boliborskiego Konkursu Recytatorskiego im. Joanny Kulmowej\" data-source=\"modula\" data-srcset=\"https:\/\/bpzoliborz.pl\/bpzoliborz\/wp-content\/uploads\/2024\/06\/konkurs-recytatorski-kulmowa-22.06.2024-final-4.jpg 1080w, https:\/\/bpzoliborz.pl\/bpzoliborz\/wp-content\/uploads\/2024\/06\/konkurs-recytatorski-kulmowa-22.06.2024-final-4-768x512.jpg 768w, https:\/\/bpzoliborz.pl\/bpzoliborz\/wp-content\/uploads\/2024\/06\/konkurs-recytatorski-kulmowa-22.06.2024-final-4-391x260.jpg 391w, https:\/\/bpzoliborz.pl\/bpzoliborz\/wp-content\/uploads\/2024\/06\/konkurs-recytatorski-kulmowa-22.06.2024-final-4-930x620.jpg 930w\" data-sizes=\"(max-width: 1080px) 100vw, 1080px\" \/>\r\n\t\t<div class=\"figc\">\r\n\t\t\t<div class=\"figc-inner\">\r\n\t\t\t\t\t\t\t\t\t\t\t\t\t<p class=\"description\">Dyrektor Spo\u0142ecznego Domu Kultury Warszawskiej Sp\u00f3\u0142dzielni Mieszkaniowej - Pawe\u0142 \u015awi\u0119torecki oraz Dyrektor Biblioteki Publicznej w Dzielnicy \u017boliborz m.st. Warszawy - Ma\u0142gorzata Kocot rozpoczynaj\u0105 koncert laureat\u00f3w II \u017boliborskiego Konkursu Recytatorskiego im. Joanny Kulmowej<\/p>\r\n\t\t\t\t\t\t\t\t\t\t\t<\/div>\r\n\t\t<\/div>\r\n\r\n\t<\/div>\r\n\r\n<\/div><div class=\"modula-item effect-pufrobo\" >\r\n\t<div class=\"modula-item-overlay\"><\/div>\r\n\r\n\t<div class=\"modula-item-content\">\r\n\r\n\t\t\t\t\r\n\t\t\t\t\t<a data-image-id=\"22517\" data-elementor-open-lightbox=\"no\" rel=\"jtg-22564\" data-caption=\"Publiczno\u015b\u0107: organizatorzy, cz\u0142onkowie jury oraz go\u015bcie i laureaci zgromadzeni pod scen\u0105 Spo\u0142ecznego Domu Kultury WSM podczas koncertu laureat\u00f3w\" aria-label=\"Otw\u00f3rz obrazek w Lightboxie\" role=\"button\" class=\"tile-inner modula-item-link\"><\/a>\r\n\t\t\r\n\t\t<img class=\"pic wp-image-22517 lazyload\"  data-valign=\"middle\" data-halign=\"center\" alt=\"Zdj\u0119cie z II \u017boliborskiego Konkursu Recytatorskiego im. Joanny Kulmowej zorganizowanego przez Bibliotek\u0119 Publiczn\u0105 w Dzielnicy \u017boliborz, Spo\u0142eczny Dom Kultury WSM oraz Fundacj\u0119 Joanny i Jana Kulm\u00f3w. Widok na publiczno\u015b\u0107 siedz\u0105c\u0105 przed scen\u0105 Spo\u0142ecznego Domu Kultury. W tle zas\u0142oniet\u0119 okna.\" data-full=\"https:\/\/bpzoliborz.pl\/bpzoliborz\/wp-content\/uploads\/2024\/06\/konkurs-recytatorski-kulmowa-22.06.2024-final-7.jpg\" title=\"konkurs recytatorski kulmowa 22.06.2024 fina\u0142 (7)\" width=\"1080\" height=\"720\" data-src=\"https:\/\/bpzoliborz.pl\/bpzoliborz\/wp-content\/uploads\/2024\/06\/konkurs-recytatorski-kulmowa-22.06.2024-final-7.jpg\" data-caption=\"Publiczno\u015b\u0107: organizatorzy, cz\u0142onkowie jury oraz go\u015bcie i laureaci zgromadzeni pod scen\u0105 Spo\u0142ecznego Domu Kultury WSM podczas koncertu laureat\u00f3w\" data-source=\"modula\" data-srcset=\"https:\/\/bpzoliborz.pl\/bpzoliborz\/wp-content\/uploads\/2024\/06\/konkurs-recytatorski-kulmowa-22.06.2024-final-7.jpg 1080w, https:\/\/bpzoliborz.pl\/bpzoliborz\/wp-content\/uploads\/2024\/06\/konkurs-recytatorski-kulmowa-22.06.2024-final-7-768x512.jpg 768w, https:\/\/bpzoliborz.pl\/bpzoliborz\/wp-content\/uploads\/2024\/06\/konkurs-recytatorski-kulmowa-22.06.2024-final-7-391x260.jpg 391w, https:\/\/bpzoliborz.pl\/bpzoliborz\/wp-content\/uploads\/2024\/06\/konkurs-recytatorski-kulmowa-22.06.2024-final-7-930x620.jpg 930w\" data-sizes=\"(max-width: 1080px) 100vw, 1080px\" \/>\r\n\t\t<div class=\"figc\">\r\n\t\t\t<div class=\"figc-inner\">\r\n\t\t\t\t\t\t\t\t\t\t\t\t\t<p class=\"description\">Publiczno\u015b\u0107: organizatorzy, cz\u0142onkowie jury oraz go\u015bcie i laureaci zgromadzeni pod scen\u0105 Spo\u0142ecznego Domu Kultury WSM podczas koncertu laureat\u00f3w<\/p>\r\n\t\t\t\t\t\t\t\t\t\t\t<\/div>\r\n\t\t<\/div>\r\n\r\n\t<\/div>\r\n\r\n<\/div><div class=\"modula-item effect-pufrobo\" >\r\n\t<div class=\"modula-item-overlay\"><\/div>\r\n\r\n\t<div class=\"modula-item-content\">\r\n\r\n\t\t\t\t\r\n\t\t\t\t\t<a data-image-id=\"22516\" data-elementor-open-lightbox=\"no\" rel=\"jtg-22564\" data-caption=\"Prezes Fundacji Joanny Kulmowej i Jana Kulmy  oraz  prof. Uniwersytetu Szczeci\u0144skiego - Urszula Ch\u0119ci\u0144ska przemawia do zgromadzonych go\u015bci\" aria-label=\"Otw\u00f3rz obrazek w Lightboxie\" role=\"button\" class=\"tile-inner modula-item-link\"><\/a>\r\n\t\t\r\n\t\t<img class=\"pic wp-image-22516 lazyload\"  data-valign=\"middle\" data-halign=\"center\" alt=\"Zdj\u0119cie z II \u017boliborskiego Konkursu Recytatorskiego im. Joanny Kulmowej zorganizowanego przez Bibliotek\u0119 Publiczn\u0105 w Dzielnicy \u017boliborz, Spo\u0142eczny Dom Kultury WSM oraz Fundacj\u0119 Joanny i Jana Kulm\u00f3w. Prezes Fundacji Joanny i Jana Kulm\u00f3w przemawia na scenie do mikrofonu. W tle baner z napisem \u017boliborski Konkurs Recytatorski im. Joanny Kulmowej oraz sztalugi z fragmentami utwor\u00f3w Joanny Kulmowej.\" data-full=\"https:\/\/bpzoliborz.pl\/bpzoliborz\/wp-content\/uploads\/2024\/06\/konkurs-recytatorski-kulmowa-22.06.2024-final-6.jpg\" title=\"konkurs recytatorski kulmowa 22.06.2024 fina\u0142 (6)\" width=\"1080\" height=\"720\" data-src=\"https:\/\/bpzoliborz.pl\/bpzoliborz\/wp-content\/uploads\/2024\/06\/konkurs-recytatorski-kulmowa-22.06.2024-final-6.jpg\" data-caption=\"Prezes Fundacji Joanny Kulmowej i Jana Kulmy  oraz  prof. Uniwersytetu Szczeci\u0144skiego - Urszula Ch\u0119ci\u0144ska przemawia do zgromadzonych go\u015bci\" data-source=\"modula\" data-srcset=\"https:\/\/bpzoliborz.pl\/bpzoliborz\/wp-content\/uploads\/2024\/06\/konkurs-recytatorski-kulmowa-22.06.2024-final-6.jpg 1080w, https:\/\/bpzoliborz.pl\/bpzoliborz\/wp-content\/uploads\/2024\/06\/konkurs-recytatorski-kulmowa-22.06.2024-final-6-768x512.jpg 768w, https:\/\/bpzoliborz.pl\/bpzoliborz\/wp-content\/uploads\/2024\/06\/konkurs-recytatorski-kulmowa-22.06.2024-final-6-391x260.jpg 391w, https:\/\/bpzoliborz.pl\/bpzoliborz\/wp-content\/uploads\/2024\/06\/konkurs-recytatorski-kulmowa-22.06.2024-final-6-930x620.jpg 930w\" data-sizes=\"(max-width: 1080px) 100vw, 1080px\" \/>\r\n\t\t<div class=\"figc\">\r\n\t\t\t<div class=\"figc-inner\">\r\n\t\t\t\t\t\t\t\t\t\t\t\t\t<p class=\"description\">Prezes Fundacji Joanny Kulmowej i Jana Kulmy  oraz  prof. Uniwersytetu Szczeci\u0144skiego - Urszula Ch\u0119ci\u0144ska przemawia do zgromadzonych go\u015bci<\/p>\r\n\t\t\t\t\t\t\t\t\t\t\t<\/div>\r\n\t\t<\/div>\r\n\r\n\t<\/div>\r\n\r\n<\/div><div class=\"modula-item effect-pufrobo\" >\r\n\t<div class=\"modula-item-overlay\"><\/div>\r\n\r\n\t<div class=\"modula-item-content\">\r\n\r\n\t\t\t\t\r\n\t\t\t\t\t<a data-image-id=\"22515\" data-elementor-open-lightbox=\"no\" rel=\"jtg-22564\" data-caption=\"Burmistrz Dzielnicy \u017boliborz - Renata Koz\u0142owska przemawia do zgromadzonych go\u015bci\" aria-label=\"Otw\u00f3rz obrazek w Lightboxie\" role=\"button\" class=\"tile-inner modula-item-link\"><\/a>\r\n\t\t\r\n\t\t<img class=\"pic wp-image-22515 lazyload\"  data-valign=\"middle\" data-halign=\"center\" alt=\"Zdj\u0119cie z II \u017boliborskiego Konkursu Recytatorskiego im. Joanny Kulmowej zorganizowanego przez Bibliotek\u0119 Publiczn\u0105 w Dzielnicy \u017boliborz, Spo\u0142eczny Dom Kultury WSM oraz Fundacj\u0119 Joanny i Jana Kulm\u00f3w. Burmistrzyni \u017boliborza przemawia na scenie do mikrofonu. W tle baner z napisem \u017boliborski Konkurs Recytatorski im. Joanny Kulmowej oraz sztalugi z fragmentami utwor\u00f3w Joanny Kulmowej oraz rollupem Biblioteki \u017boliborskiej z napisem Biblioteka Publiczna w Dzielnicy \u017boliborz.\" data-full=\"https:\/\/bpzoliborz.pl\/bpzoliborz\/wp-content\/uploads\/2024\/06\/konkurs-recytatorski-kulmowa-22.06.2024-final-5.jpg\" title=\"konkurs recytatorski kulmowa 22.06.2024 fina\u0142 (5)\" width=\"1080\" height=\"720\" data-src=\"https:\/\/bpzoliborz.pl\/bpzoliborz\/wp-content\/uploads\/2024\/06\/konkurs-recytatorski-kulmowa-22.06.2024-final-5.jpg\" data-caption=\"Burmistrz Dzielnicy \u017boliborz - Renata Koz\u0142owska przemawia do zgromadzonych go\u015bci\" data-source=\"modula\" data-srcset=\"https:\/\/bpzoliborz.pl\/bpzoliborz\/wp-content\/uploads\/2024\/06\/konkurs-recytatorski-kulmowa-22.06.2024-final-5.jpg 1080w, https:\/\/bpzoliborz.pl\/bpzoliborz\/wp-content\/uploads\/2024\/06\/konkurs-recytatorski-kulmowa-22.06.2024-final-5-768x512.jpg 768w, https:\/\/bpzoliborz.pl\/bpzoliborz\/wp-content\/uploads\/2024\/06\/konkurs-recytatorski-kulmowa-22.06.2024-final-5-391x260.jpg 391w, https:\/\/bpzoliborz.pl\/bpzoliborz\/wp-content\/uploads\/2024\/06\/konkurs-recytatorski-kulmowa-22.06.2024-final-5-930x620.jpg 930w\" data-sizes=\"(max-width: 1080px) 100vw, 1080px\" \/>\r\n\t\t<div class=\"figc\">\r\n\t\t\t<div class=\"figc-inner\">\r\n\t\t\t\t\t\t\t\t\t\t\t\t\t<p class=\"description\">Burmistrz Dzielnicy \u017boliborz - Renata Koz\u0142owska przemawia do zgromadzonych go\u015bci<\/p>\r\n\t\t\t\t\t\t\t\t\t\t\t<\/div>\r\n\t\t<\/div>\r\n\r\n\t<\/div>\r\n\r\n<\/div><div class=\"modula-item effect-pufrobo\" >\r\n\t<div class=\"modula-item-overlay\"><\/div>\r\n\r\n\t<div class=\"modula-item-content\">\r\n\r\n\t\t\t\t\r\n\t\t\t\t\t<a data-image-id=\"22519\" data-elementor-open-lightbox=\"no\" rel=\"jtg-22564\" data-caption=\"Dyrektor Spo\u0142ecznego Domu Kultury WSM - Pawe\u0142 \u015awi\u0119torecki i Dyrektor Biblioteki Publicznej w Dzielnicy \u017boliborz m.st. Warszawy - Ma\u0142gorzata Kocot przemawiaj\u0105 do zgromadzonych go\u015bci\" aria-label=\"Otw\u00f3rz obrazek w Lightboxie\" role=\"button\" class=\"tile-inner modula-item-link\"><\/a>\r\n\t\t\r\n\t\t<img class=\"pic wp-image-22519 lazyload\"  data-valign=\"middle\" data-halign=\"center\" alt=\"Zdj\u0119cie z II \u017boliborskiego Konkursu Recytatorskiego im. Joanny Kulmowej zorganizowanego przez Bibliotek\u0119 Publiczn\u0105 w Dzielnicy \u017boliborz, Spo\u0142eczny Dom Kultury WSM oraz Fundacj\u0119 Joanny i Jana Kulm\u00f3w. Widok na publiczno\u015b\u0107 siedz\u0105c\u0105 przed scen\u0105 Spo\u0142ecznego Domu Kultury. W tle baner z napisem \u017boliborski Konkurs Recytatorski im. Joanny Kulmowej oraz sztalugi z fragmentami utwor\u00f3w Joanny Kulmowej oraz rollupem Biblioteki \u017boliborskiej z napisem Biblioteka Publiczna w Dzielnicy \u017boliborz.\" data-full=\"https:\/\/bpzoliborz.pl\/bpzoliborz\/wp-content\/uploads\/2024\/06\/konkurs-recytatorski-kulmowa-22.06.2024-final-9.jpg\" title=\"konkurs recytatorski kulmowa 22.06.2024 fina\u0142 (9)\" width=\"1080\" height=\"720\" data-src=\"https:\/\/bpzoliborz.pl\/bpzoliborz\/wp-content\/uploads\/2024\/06\/konkurs-recytatorski-kulmowa-22.06.2024-final-9.jpg\" data-caption=\"Dyrektor Spo\u0142ecznego Domu Kultury WSM - Pawe\u0142 \u015awi\u0119torecki i Dyrektor Biblioteki Publicznej w Dzielnicy \u017boliborz m.st. Warszawy - Ma\u0142gorzata Kocot przemawiaj\u0105 do zgromadzonych go\u015bci\" data-source=\"modula\" data-srcset=\"https:\/\/bpzoliborz.pl\/bpzoliborz\/wp-content\/uploads\/2024\/06\/konkurs-recytatorski-kulmowa-22.06.2024-final-9.jpg 1080w, https:\/\/bpzoliborz.pl\/bpzoliborz\/wp-content\/uploads\/2024\/06\/konkurs-recytatorski-kulmowa-22.06.2024-final-9-768x512.jpg 768w, https:\/\/bpzoliborz.pl\/bpzoliborz\/wp-content\/uploads\/2024\/06\/konkurs-recytatorski-kulmowa-22.06.2024-final-9-391x260.jpg 391w, https:\/\/bpzoliborz.pl\/bpzoliborz\/wp-content\/uploads\/2024\/06\/konkurs-recytatorski-kulmowa-22.06.2024-final-9-930x620.jpg 930w\" data-sizes=\"(max-width: 1080px) 100vw, 1080px\" \/>\r\n\t\t<div class=\"figc\">\r\n\t\t\t<div class=\"figc-inner\">\r\n\t\t\t\t\t\t\t\t\t\t\t\t\t<p class=\"description\">Dyrektor Spo\u0142ecznego Domu Kultury WSM - Pawe\u0142 \u015awi\u0119torecki i Dyrektor Biblioteki Publicznej w Dzielnicy \u017boliborz m.st. Warszawy - Ma\u0142gorzata Kocot przemawiaj\u0105 do zgromadzonych go\u015bci<\/p>\r\n\t\t\t\t\t\t\t\t\t\t\t<\/div>\r\n\t\t<\/div>\r\n\r\n\t<\/div>\r\n\r\n<\/div><div class=\"modula-item effect-pufrobo\" >\r\n\t<div class=\"modula-item-overlay\"><\/div>\r\n\r\n\t<div class=\"modula-item-content\">\r\n\r\n\t\t\t\t\r\n\t\t\t\t\t<a data-image-id=\"22520\" data-elementor-open-lightbox=\"no\" rel=\"jtg-22564\" data-caption=\"Dyrektor Spo\u0142ecznego Domu Kultury Warszawskiej Sp\u00f3\u0142dzielni Mieszkaniowej - Pawe\u0142 \u015awi\u0119torecki oraz Dyrektor Biblioteki Publicznej w Dzielnicy \u017boliborz m.st. Warszawy - Ma\u0142gorzata Kocot og\u0142aszaj\u0105 wyniki konkursu\" aria-label=\"Otw\u00f3rz obrazek w Lightboxie\" role=\"button\" class=\"tile-inner modula-item-link\"><\/a>\r\n\t\t\r\n\t\t<img class=\"pic wp-image-22520 lazyload\"  data-valign=\"middle\" data-halign=\"center\" alt=\"Zdj\u0119cie z II \u017boliborskiego Konkursu Recytatorskiego im. Joanny Kulmowej zorganizowanego przez Bibliotek\u0119 Publiczn\u0105 w Dzielnicy \u017boliborz, Spo\u0142eczny Dom Kultury WSM oraz Fundacj\u0119 Joanny i Jana Kulm\u00f3w. Dyrektor Spo\u0142ecznego Domu Kultury WSM oraz Biblioteki \u017boliborskiej przemawiaj\u0105 na scenie Spo\u0142ecznego DOmu Kultury, w tle baner z napisem \u017boliborski Konkurs Recytatorski im. Joanny Kulmowej oraz sztalugi z fragmentami utwor\u00f3w Joanny Kulmowej.\" data-full=\"https:\/\/bpzoliborz.pl\/bpzoliborz\/wp-content\/uploads\/2024\/06\/konkurs-recytatorski-kulmowa-22.06.2024-final-10.jpg\" title=\"konkurs recytatorski kulmowa 22.06.2024 fina\u0142 (10)\" width=\"1080\" height=\"720\" data-src=\"https:\/\/bpzoliborz.pl\/bpzoliborz\/wp-content\/uploads\/2024\/06\/konkurs-recytatorski-kulmowa-22.06.2024-final-10.jpg\" data-caption=\"Dyrektor Spo\u0142ecznego Domu Kultury Warszawskiej Sp\u00f3\u0142dzielni Mieszkaniowej - Pawe\u0142 \u015awi\u0119torecki oraz Dyrektor Biblioteki Publicznej w Dzielnicy \u017boliborz m.st. Warszawy - Ma\u0142gorzata Kocot og\u0142aszaj\u0105 wyniki konkursu\" data-source=\"modula\" data-srcset=\"https:\/\/bpzoliborz.pl\/bpzoliborz\/wp-content\/uploads\/2024\/06\/konkurs-recytatorski-kulmowa-22.06.2024-final-10.jpg 1080w, https:\/\/bpzoliborz.pl\/bpzoliborz\/wp-content\/uploads\/2024\/06\/konkurs-recytatorski-kulmowa-22.06.2024-final-10-768x512.jpg 768w, https:\/\/bpzoliborz.pl\/bpzoliborz\/wp-content\/uploads\/2024\/06\/konkurs-recytatorski-kulmowa-22.06.2024-final-10-391x260.jpg 391w, https:\/\/bpzoliborz.pl\/bpzoliborz\/wp-content\/uploads\/2024\/06\/konkurs-recytatorski-kulmowa-22.06.2024-final-10-930x620.jpg 930w\" data-sizes=\"(max-width: 1080px) 100vw, 1080px\" \/>\r\n\t\t<div class=\"figc\">\r\n\t\t\t<div class=\"figc-inner\">\r\n\t\t\t\t\t\t\t\t\t\t\t\t\t<p class=\"description\">Dyrektor Spo\u0142ecznego Domu Kultury Warszawskiej Sp\u00f3\u0142dzielni Mieszkaniowej - Pawe\u0142 \u015awi\u0119torecki oraz Dyrektor Biblioteki Publicznej w Dzielnicy \u017boliborz m.st. Warszawy - Ma\u0142gorzata Kocot og\u0142aszaj\u0105 wyniki konkursu<\/p>\r\n\t\t\t\t\t\t\t\t\t\t\t<\/div>\r\n\t\t<\/div>\r\n\r\n\t<\/div>\r\n\r\n<\/div><div class=\"modula-item effect-pufrobo\" >\r\n\t<div class=\"modula-item-overlay\"><\/div>\r\n\r\n\t<div class=\"modula-item-content\">\r\n\r\n\t\t\t\t\r\n\t\t\t\t\t<a data-image-id=\"22512\" data-elementor-open-lightbox=\"no\" rel=\"jtg-22564\" data-caption=\"Statuetki za pierwsze 3 miejsca w 2 kategoriach dla laureat\u00f3w konkursu recytatorskiego\" aria-label=\"Otw\u00f3rz obrazek w Lightboxie\" role=\"button\" class=\"tile-inner modula-item-link\"><\/a>\r\n\t\t\r\n\t\t<img class=\"pic wp-image-22512 lazyload\"  data-valign=\"middle\" data-halign=\"center\" alt=\"Zdj\u0119cie z II \u017boliborskiego Konkursu Recytatorskiego im. Joanny Kulmowej zorganizowanego przez Bibliotek\u0119 Publiczn\u0105 w Dzielnicy \u017boliborz, Spo\u0142eczny Dom Kultury WSM oraz Fundacj\u0119 Joanny i Jana Kulm\u00f3w. Przezroczyste tatuetki za pierwsze trzy miejsca z napisami: Biblioteka Publiczna w Dzielnicy \u017boliborz m.st. Warszawy, II \u017boliborski Konkurs Recytatoski im. Joanny Kulmowej, I, II lub III miejsce, uczniowie kl. 1-3, 4-6, 7-8. Fundacja Joanny Kulmowej i Jana Kulmy, WSM 100 lat.\" data-full=\"https:\/\/bpzoliborz.pl\/bpzoliborz\/wp-content\/uploads\/2024\/06\/konkurs-recytatorski-kulmowa-22.06.2024-final-2.jpg\" title=\"konkurs recytatorski kulmowa 22.06.2024 fina\u0142 (2)\" width=\"1080\" height=\"720\" data-src=\"https:\/\/bpzoliborz.pl\/bpzoliborz\/wp-content\/uploads\/2024\/06\/konkurs-recytatorski-kulmowa-22.06.2024-final-2.jpg\" data-caption=\"Statuetki za pierwsze 3 miejsca w 2 kategoriach dla laureat\u00f3w konkursu recytatorskiego\" data-source=\"modula\" data-srcset=\"https:\/\/bpzoliborz.pl\/bpzoliborz\/wp-content\/uploads\/2024\/06\/konkurs-recytatorski-kulmowa-22.06.2024-final-2.jpg 1080w, https:\/\/bpzoliborz.pl\/bpzoliborz\/wp-content\/uploads\/2024\/06\/konkurs-recytatorski-kulmowa-22.06.2024-final-2-768x512.jpg 768w, https:\/\/bpzoliborz.pl\/bpzoliborz\/wp-content\/uploads\/2024\/06\/konkurs-recytatorski-kulmowa-22.06.2024-final-2-391x260.jpg 391w, https:\/\/bpzoliborz.pl\/bpzoliborz\/wp-content\/uploads\/2024\/06\/konkurs-recytatorski-kulmowa-22.06.2024-final-2-930x620.jpg 930w\" data-sizes=\"(max-width: 1080px) 100vw, 1080px\" \/>\r\n\t\t<div class=\"figc\">\r\n\t\t\t<div class=\"figc-inner\">\r\n\t\t\t\t\t\t\t\t\t\t\t\t\t<p class=\"description\">Statuetki za pierwsze 3 miejsca w 2 kategoriach dla laureat\u00f3w konkursu recytatorskiego<\/p>\r\n\t\t\t\t\t\t\t\t\t\t\t<\/div>\r\n\t\t<\/div>\r\n\r\n\t<\/div>\r\n\r\n<\/div><div class=\"modula-item effect-pufrobo\" >\r\n\t<div class=\"modula-item-overlay\"><\/div>\r\n\r\n\t<div class=\"modula-item-content\">\r\n\r\n\t\t\t\t\r\n\t\t\t\t\t<a data-image-id=\"22513\" data-elementor-open-lightbox=\"no\" rel=\"jtg-22564\" data-caption=\"Tablice z poezj\u0105 Joanny Kulmowej na scenie\" aria-label=\"Otw\u00f3rz obrazek w Lightboxie\" role=\"button\" class=\"tile-inner modula-item-link\"><\/a>\r\n\t\t\r\n\t\t<img class=\"pic wp-image-22513 lazyload\"  data-valign=\"middle\" data-halign=\"center\" alt=\"Zdj\u0119cie z II \u017boliborskiego Konkursu Recytatorskiego im. Joanny Kulmowej zorganizowanego przez Bibliotek\u0119 Publiczn\u0105 w Dzielnicy \u017boliborz, Spo\u0142eczny Dom Kultury WSM oraz Fundacj\u0119 Joanny i Jana Kulm\u00f3w. sztalugi z poezj\u0105 Joanny Kulmowej postawione na scenie sali Spo\u0142ecznego Domu Kultury.\" data-full=\"https:\/\/bpzoliborz.pl\/bpzoliborz\/wp-content\/uploads\/2024\/06\/konkurs-recytatorski-kulmowa-22.06.2024-final-3.jpg\" title=\"konkurs recytatorski kulmowa 22.06.2024 fina\u0142 (3)\" width=\"1080\" height=\"720\" data-src=\"https:\/\/bpzoliborz.pl\/bpzoliborz\/wp-content\/uploads\/2024\/06\/konkurs-recytatorski-kulmowa-22.06.2024-final-3.jpg\" data-caption=\"Tablice z poezj\u0105 Joanny Kulmowej na scenie\" data-source=\"modula\" data-srcset=\"https:\/\/bpzoliborz.pl\/bpzoliborz\/wp-content\/uploads\/2024\/06\/konkurs-recytatorski-kulmowa-22.06.2024-final-3.jpg 1080w, https:\/\/bpzoliborz.pl\/bpzoliborz\/wp-content\/uploads\/2024\/06\/konkurs-recytatorski-kulmowa-22.06.2024-final-3-768x512.jpg 768w, https:\/\/bpzoliborz.pl\/bpzoliborz\/wp-content\/uploads\/2024\/06\/konkurs-recytatorski-kulmowa-22.06.2024-final-3-391x260.jpg 391w, https:\/\/bpzoliborz.pl\/bpzoliborz\/wp-content\/uploads\/2024\/06\/konkurs-recytatorski-kulmowa-22.06.2024-final-3-930x620.jpg 930w\" data-sizes=\"(max-width: 1080px) 100vw, 1080px\" \/>\r\n\t\t<div class=\"figc\">\r\n\t\t\t<div class=\"figc-inner\">\r\n\t\t\t\t\t\t\t\t\t\t\t\t\t<p class=\"description\">Tablice z poezj\u0105 Joanny Kulmowej na scenie<\/p>\r\n\t\t\t\t\t\t\t\t\t\t\t<\/div>\r\n\t\t<\/div>\r\n\r\n\t<\/div>\r\n\r\n<\/div><div class=\"modula-item effect-pufrobo\" >\r\n\t<div class=\"modula-item-overlay\"><\/div>\r\n\r\n\t<div class=\"modula-item-content\">\r\n\r\n\t\t\t\t\r\n\t\t\t\t\t<a data-image-id=\"22546\" data-elementor-open-lightbox=\"no\" rel=\"jtg-22564\" data-caption=\"Dyrektor Biblioteki Publicznej w Dzielnicy \u017boliborz m.st. Warszawy Ma\u0142gorzata Kocot oraz Prezes Fundacji Joanny Kulmowej i Jana Kulmy - Urszula Ch\u0119ci\u0144ska podpisuj\u0105 wieloletni\u0105 umow\u0119 wsp\u00f3\u0142pracy mi\u0119dzy Bibliotek\u0105 \u017boliborsk\u0105 a Fundacj\u0105 Joanny Kulmowej i Jana Kulmy\" aria-label=\"Otw\u00f3rz obrazek w Lightboxie\" role=\"button\" class=\"tile-inner modula-item-link\"><\/a>\r\n\t\t\r\n\t\t<img class=\"pic wp-image-22546 lazyload\"  data-valign=\"middle\" data-halign=\"center\" alt=\"Zdj\u0119cie z II \u017boliborskiego Konkursu Recytatorskiego im. Joanny Kulmowej zorganizowanego przez Bibliotek\u0119 Publiczn\u0105 w Dzielnicy \u017boliborz, Spo\u0142eczny Dom Kultury WSM oraz Fundacj\u0119 Joanny i Jana Kulm\u00f3w. Dyrektor Biblioteki oraz Prezes Fundacji Joanny i Jana Kulm\u00f3w podpisuj\u0105 wieloletni\u0105 wsp\u00f3prac\u0119 w g\u0142\u0119bi sceny Spo\u0142ecznego Domu Kultury.\" data-full=\"https:\/\/bpzoliborz.pl\/bpzoliborz\/wp-content\/uploads\/2024\/06\/konkurs-recytatorski-kulmowa-22.06.2024-final-36.jpg\" title=\"konkurs recytatorski kulmowa 22.06.2024 fina\u0142 (36)\" width=\"1080\" height=\"720\" data-src=\"https:\/\/bpzoliborz.pl\/bpzoliborz\/wp-content\/uploads\/2024\/06\/konkurs-recytatorski-kulmowa-22.06.2024-final-36.jpg\" data-caption=\"Dyrektor Biblioteki Publicznej w Dzielnicy \u017boliborz m.st. Warszawy Ma\u0142gorzata Kocot oraz Prezes Fundacji Joanny Kulmowej i Jana Kulmy - Urszula Ch\u0119ci\u0144ska podpisuj\u0105 wieloletni\u0105 umow\u0119 wsp\u00f3\u0142pracy mi\u0119dzy Bibliotek\u0105 \u017boliborsk\u0105 a Fundacj\u0105 Joanny Kulmowej i Jana Kulmy\" data-source=\"modula\" data-srcset=\"https:\/\/bpzoliborz.pl\/bpzoliborz\/wp-content\/uploads\/2024\/06\/konkurs-recytatorski-kulmowa-22.06.2024-final-36.jpg 1080w, https:\/\/bpzoliborz.pl\/bpzoliborz\/wp-content\/uploads\/2024\/06\/konkurs-recytatorski-kulmowa-22.06.2024-final-36-768x512.jpg 768w, https:\/\/bpzoliborz.pl\/bpzoliborz\/wp-content\/uploads\/2024\/06\/konkurs-recytatorski-kulmowa-22.06.2024-final-36-391x260.jpg 391w, https:\/\/bpzoliborz.pl\/bpzoliborz\/wp-content\/uploads\/2024\/06\/konkurs-recytatorski-kulmowa-22.06.2024-final-36-930x620.jpg 930w\" data-sizes=\"(max-width: 1080px) 100vw, 1080px\" \/>\r\n\t\t<div class=\"figc\">\r\n\t\t\t<div class=\"figc-inner\">\r\n\t\t\t\t\t\t\t\t\t\t\t\t\t<p class=\"description\">Dyrektor Biblioteki Publicznej w Dzielnicy \u017boliborz m.st. Warszawy Ma\u0142gorzata Kocot oraz Prezes Fundacji Joanny Kulmowej i Jana Kulmy - Urszula Ch\u0119ci\u0144ska podpisuj\u0105 wieloletni\u0105 umow\u0119 wsp\u00f3\u0142pracy mi\u0119dzy Bibliotek\u0105 \u017boliborsk\u0105 a Fundacj\u0105 Joanny Kulmowej i Jana Kulmy<\/p>\r\n\t\t\t\t\t\t\t\t\t\t\t<\/div>\r\n\t\t<\/div>\r\n\r\n\t<\/div>\r\n\r\n<\/div><div class=\"modula-item effect-pufrobo\" >\r\n\t<div class=\"modula-item-overlay\"><\/div>\r\n\r\n\t<div class=\"modula-item-content\">\r\n\r\n\t\t\t\t\r\n\t\t\t\t\t<a data-image-id=\"22525\" data-elementor-open-lightbox=\"no\" rel=\"jtg-22564\" data-caption=\"Ma\u0142gorzata J. Berwid przyznaje laureatom Nagrody Jury - Nagrod\u0119 Ma\u0142gorzaty J. Berwid Ciotki Ksi\u0105\u017ckuli\" aria-label=\"Otw\u00f3rz obrazek w Lightboxie\" role=\"button\" class=\"tile-inner modula-item-link\"><\/a>\r\n\t\t\r\n\t\t<img class=\"pic wp-image-22525 lazyload\"  data-valign=\"middle\" data-halign=\"center\" alt=\"Zdj\u0119cie z II \u017boliborskiego Konkursu Recytatorskiego im. Joanny Kulmowej zorganizowanego przez Bibliotek\u0119 Publiczn\u0105 w Dzielnicy \u017boliborz, Spo\u0142eczny Dom Kultury WSM oraz Fundacj\u0119 Joanny i Jana Kulm\u00f3w. Ma\u0142gorzata J Berwid na scenie przemawia do mikrofonu przy zgromadzonych laureatach konkursu oraz prowadz\u0105cym spotkanie Dyrektorem Spo\u0142ecznego Domu Kultury WSm. W tle napis \u017boliborski Konkurs Recytatorski im. Joanny Kulmowej oraz sztalugi z fragmentami utwor\u00f3w Joanny Kulmowej.\" data-full=\"https:\/\/bpzoliborz.pl\/bpzoliborz\/wp-content\/uploads\/2024\/06\/konkurs-recytatorski-kulmowa-22.06.2024-final-15.jpg\" title=\"konkurs recytatorski kulmowa 22.06.2024 fina\u0142 (15)\" width=\"1080\" height=\"720\" data-src=\"https:\/\/bpzoliborz.pl\/bpzoliborz\/wp-content\/uploads\/2024\/06\/konkurs-recytatorski-kulmowa-22.06.2024-final-15.jpg\" data-caption=\"Ma\u0142gorzata J. Berwid przyznaje laureatom Nagrody Jury - Nagrod\u0119 Ma\u0142gorzaty J. Berwid Ciotki Ksi\u0105\u017ckuli\" data-source=\"modula\" data-srcset=\"https:\/\/bpzoliborz.pl\/bpzoliborz\/wp-content\/uploads\/2024\/06\/konkurs-recytatorski-kulmowa-22.06.2024-final-15.jpg 1080w, https:\/\/bpzoliborz.pl\/bpzoliborz\/wp-content\/uploads\/2024\/06\/konkurs-recytatorski-kulmowa-22.06.2024-final-15-768x512.jpg 768w, https:\/\/bpzoliborz.pl\/bpzoliborz\/wp-content\/uploads\/2024\/06\/konkurs-recytatorski-kulmowa-22.06.2024-final-15-391x260.jpg 391w, https:\/\/bpzoliborz.pl\/bpzoliborz\/wp-content\/uploads\/2024\/06\/konkurs-recytatorski-kulmowa-22.06.2024-final-15-930x620.jpg 930w\" data-sizes=\"(max-width: 1080px) 100vw, 1080px\" \/>\r\n\t\t<div class=\"figc\">\r\n\t\t\t<div class=\"figc-inner\">\r\n\t\t\t\t\t\t\t\t\t\t\t\t\t<p class=\"description\">Ma\u0142gorzata J. Berwid przyznaje laureatom Nagrody Jury - Nagrod\u0119 Ma\u0142gorzaty J. Berwid Ciotki Ksi\u0105\u017ckuli<\/p>\r\n\t\t\t\t\t\t\t\t\t\t\t<\/div>\r\n\t\t<\/div>\r\n\r\n\t<\/div>\r\n\r\n<\/div><div class=\"modula-item effect-pufrobo\" >\r\n\t<div class=\"modula-item-overlay\"><\/div>\r\n\r\n\t<div class=\"modula-item-content\">\r\n\r\n\t\t\t\t\r\n\t\t\t\t\t<a data-image-id=\"22526\" data-elementor-open-lightbox=\"no\" rel=\"jtg-22564\" data-caption=\"Ma\u0142gorzata J. Berwid oraz laureaci konkursu z wr\u0119czonymi nagrodami\" aria-label=\"Otw\u00f3rz obrazek w Lightboxie\" role=\"button\" class=\"tile-inner modula-item-link\"><\/a>\r\n\t\t\r\n\t\t<img class=\"pic wp-image-22526 lazyload\"  data-valign=\"middle\" data-halign=\"center\" alt=\"Zdj\u0119cie z II \u017boliborskiego Konkursu Recytatorskiego im. Joanny Kulmowej zorganizowanego przez Bibliotek\u0119 Publiczn\u0105 w Dzielnicy \u017boliborz, Spo\u0142eczny Dom Kultury WSM oraz Fundacj\u0119 Joanny i Jana Kulm\u00f3w. Laureaci konkursu - dzieci, stoj\u0105 na scenie z wr\u0119czonymi nagrodami i dyplomami wraz z cz\u0142onkini\u0105 jury. W tle napis \u017boliborski Konkurs Recytatorski im. Joanny Kulmowej oraz sztalugi z fragmentami utwor\u00f3w Joanny Kulmowej.\" data-full=\"https:\/\/bpzoliborz.pl\/bpzoliborz\/wp-content\/uploads\/2024\/06\/konkurs-recytatorski-kulmowa-22.06.2024-final-16.jpg\" title=\"konkurs recytatorski kulmowa 22.06.2024 fina\u0142 (16)\" width=\"1080\" height=\"720\" data-src=\"https:\/\/bpzoliborz.pl\/bpzoliborz\/wp-content\/uploads\/2024\/06\/konkurs-recytatorski-kulmowa-22.06.2024-final-16.jpg\" data-caption=\"Ma\u0142gorzata J. Berwid oraz laureaci konkursu z wr\u0119czonymi nagrodami\" data-source=\"modula\" data-srcset=\"https:\/\/bpzoliborz.pl\/bpzoliborz\/wp-content\/uploads\/2024\/06\/konkurs-recytatorski-kulmowa-22.06.2024-final-16.jpg 1080w, https:\/\/bpzoliborz.pl\/bpzoliborz\/wp-content\/uploads\/2024\/06\/konkurs-recytatorski-kulmowa-22.06.2024-final-16-768x512.jpg 768w, https:\/\/bpzoliborz.pl\/bpzoliborz\/wp-content\/uploads\/2024\/06\/konkurs-recytatorski-kulmowa-22.06.2024-final-16-391x260.jpg 391w, https:\/\/bpzoliborz.pl\/bpzoliborz\/wp-content\/uploads\/2024\/06\/konkurs-recytatorski-kulmowa-22.06.2024-final-16-930x620.jpg 930w\" data-sizes=\"(max-width: 1080px) 100vw, 1080px\" \/>\r\n\t\t<div class=\"figc\">\r\n\t\t\t<div class=\"figc-inner\">\r\n\t\t\t\t\t\t\t\t\t\t\t\t\t<p class=\"description\">Ma\u0142gorzata J. Berwid oraz laureaci konkursu z wr\u0119czonymi nagrodami<\/p>\r\n\t\t\t\t\t\t\t\t\t\t\t<\/div>\r\n\t\t<\/div>\r\n\r\n\t<\/div>\r\n\r\n<\/div><div class=\"modula-item effect-pufrobo\" >\r\n\t<div class=\"modula-item-overlay\"><\/div>\r\n\r\n\t<div class=\"modula-item-content\">\r\n\r\n\t\t\t\t\r\n\t\t\t\t\t<a data-image-id=\"22527\" data-elementor-open-lightbox=\"no\" rel=\"jtg-22564\" data-caption=\"Uczestnik koncertu robi\u0105cy zdj\u0119cie laureatom zgromadzonym na scenie\" aria-label=\"Otw\u00f3rz obrazek w Lightboxie\" role=\"button\" class=\"tile-inner modula-item-link\"><\/a>\r\n\t\t\r\n\t\t<img class=\"pic wp-image-22527 lazyload\"  data-valign=\"middle\" data-halign=\"center\" alt=\"Zdj\u0119cie z II \u017boliborskiego Konkursu Recytatorskiego im. Joanny Kulmowej zorganizowanego przez Bibliotek\u0119 Publiczn\u0105 w Dzielnicy \u017boliborz, Spo\u0142eczny Dom Kultury WSM oraz Fundacj\u0119 Joanny i Jana Kulm\u00f3w. Uczestnik spotkania robi zdj\u0119cie telefonem kom\u00f3rkowym. W tle laureaci konkursu stoj\u0105cy na scenie oraz baner z napisem \u017boliborski Konkurs Recytatorski im. Joanny Kulmowej oraz sztalugi z fragmentami utwor\u00f3w Joanny Kulmowej.\" data-full=\"https:\/\/bpzoliborz.pl\/bpzoliborz\/wp-content\/uploads\/2024\/06\/konkurs-recytatorski-kulmowa-22.06.2024-final-17.jpg\" title=\"konkurs recytatorski kulmowa 22.06.2024 fina\u0142 (17)\" width=\"1080\" height=\"720\" data-src=\"https:\/\/bpzoliborz.pl\/bpzoliborz\/wp-content\/uploads\/2024\/06\/konkurs-recytatorski-kulmowa-22.06.2024-final-17.jpg\" data-caption=\"Uczestnik koncertu robi\u0105cy zdj\u0119cie laureatom zgromadzonym na scenie\" data-source=\"modula\" data-srcset=\"https:\/\/bpzoliborz.pl\/bpzoliborz\/wp-content\/uploads\/2024\/06\/konkurs-recytatorski-kulmowa-22.06.2024-final-17.jpg 1080w, https:\/\/bpzoliborz.pl\/bpzoliborz\/wp-content\/uploads\/2024\/06\/konkurs-recytatorski-kulmowa-22.06.2024-final-17-768x512.jpg 768w, https:\/\/bpzoliborz.pl\/bpzoliborz\/wp-content\/uploads\/2024\/06\/konkurs-recytatorski-kulmowa-22.06.2024-final-17-391x260.jpg 391w, https:\/\/bpzoliborz.pl\/bpzoliborz\/wp-content\/uploads\/2024\/06\/konkurs-recytatorski-kulmowa-22.06.2024-final-17-930x620.jpg 930w\" data-sizes=\"(max-width: 1080px) 100vw, 1080px\" \/>\r\n\t\t<div class=\"figc\">\r\n\t\t\t<div class=\"figc-inner\">\r\n\t\t\t\t\t\t\t\t\t\t\t\t\t<p class=\"description\">Uczestnik koncertu robi\u0105cy zdj\u0119cie laureatom zgromadzonym na scenie<\/p>\r\n\t\t\t\t\t\t\t\t\t\t\t<\/div>\r\n\t\t<\/div>\r\n\r\n\t<\/div>\r\n\r\n<\/div><div class=\"modula-item effect-pufrobo\" >\r\n\t<div class=\"modula-item-overlay\"><\/div>\r\n\r\n\t<div class=\"modula-item-content\">\r\n\r\n\t\t\t\t\r\n\t\t\t\t\t<a data-image-id=\"22518\" data-elementor-open-lightbox=\"no\" rel=\"jtg-22564\" data-caption=\"Fotel z fotografi\u0105 Joanny Kulmowej\" aria-label=\"Otw\u00f3rz obrazek w Lightboxie\" role=\"button\" class=\"tile-inner modula-item-link\"><\/a>\r\n\t\t\r\n\t\t<img class=\"pic wp-image-22518 lazyload\"  data-valign=\"middle\" data-halign=\"center\" alt=\"Zdj\u0119cie z II \u017boliborskiego Konkursu Recytatorskiego im. Joanny Kulmowej zorganizowanego przez Bibliotek\u0119 Publiczn\u0105 w Dzielnicy \u017boliborz, Spo\u0142eczny Dom Kultury WSM oraz Fundacj\u0119 Joanny i Jana Kulm\u00f3w. Fotel z umieszczon\u0105 na nim fotografi\u0105 Joanny Kulmowej oraz kwiatami na scenie Spo\u0142ecznego Domu Kultury.\" data-full=\"https:\/\/bpzoliborz.pl\/bpzoliborz\/wp-content\/uploads\/2024\/06\/konkurs-recytatorski-kulmowa-22.06.2024-final-8.jpg\" title=\"konkurs recytatorski kulmowa 22.06.2024 fina\u0142 (8)\" width=\"1080\" height=\"720\" data-src=\"https:\/\/bpzoliborz.pl\/bpzoliborz\/wp-content\/uploads\/2024\/06\/konkurs-recytatorski-kulmowa-22.06.2024-final-8.jpg\" data-caption=\"Fotel z fotografi\u0105 Joanny Kulmowej\" data-source=\"modula\" data-srcset=\"https:\/\/bpzoliborz.pl\/bpzoliborz\/wp-content\/uploads\/2024\/06\/konkurs-recytatorski-kulmowa-22.06.2024-final-8.jpg 1080w, https:\/\/bpzoliborz.pl\/bpzoliborz\/wp-content\/uploads\/2024\/06\/konkurs-recytatorski-kulmowa-22.06.2024-final-8-768x512.jpg 768w, https:\/\/bpzoliborz.pl\/bpzoliborz\/wp-content\/uploads\/2024\/06\/konkurs-recytatorski-kulmowa-22.06.2024-final-8-391x260.jpg 391w, https:\/\/bpzoliborz.pl\/bpzoliborz\/wp-content\/uploads\/2024\/06\/konkurs-recytatorski-kulmowa-22.06.2024-final-8-930x620.jpg 930w\" data-sizes=\"(max-width: 1080px) 100vw, 1080px\" \/>\r\n\t\t<div class=\"figc\">\r\n\t\t\t<div class=\"figc-inner\">\r\n\t\t\t\t\t\t\t\t\t\t\t\t\t<p class=\"description\">Fotel z fotografi\u0105 Joanny Kulmowej<\/p>\r\n\t\t\t\t\t\t\t\t\t\t\t<\/div>\r\n\t\t<\/div>\r\n\r\n\t<\/div>\r\n\r\n<\/div><div class=\"modula-item effect-pufrobo\" >\r\n\t<div class=\"modula-item-overlay\"><\/div>\r\n\r\n\t<div class=\"modula-item-content\">\r\n\r\n\t\t\t\t\r\n\t\t\t\t\t<a data-image-id=\"22565\" data-elementor-open-lightbox=\"no\" rel=\"jtg-22564\" data-caption=\"Wyst\u0119p artyst\u00f3w z Teatru WaWa: &quot;Poezja Joanny Kulmowej w muzycznej ods\u0142onie\u201d w wykonaniu Magdy Ku\u015bnierz i Marka Komarnickiego do muzyki Tomasza Czekalskiego\" aria-label=\"Otw\u00f3rz obrazek w Lightboxie\" role=\"button\" class=\"tile-inner modula-item-link\"><\/a>\r\n\t\t\r\n\t\t<img class=\"pic wp-image-22565 lazyload\"  data-valign=\"middle\" data-halign=\"center\" alt=\"Zdj\u0119cie z II \u017boliborskiego Konkursu Recytatorskiego im. Joanny Kulmowej zorganizowanego przez Bibliotek\u0119 Publiczn\u0105 w Dzielnicy \u017boliborz, Spo\u0142eczny Dom Kultury WSM oraz Fundacj\u0119 Joanny i Jana Kulm\u00f3w. Arty\u015bci wyst\u0119puj\u0105cy na scenie Spo\u0142ecznego Domu Kultury \u015bpiewaj\u0105 przy mikrofonach. W tle baner z napisem \u017boliborski Konkurs Recytatorski im. Joanny Kulmowej oraz sztalugi z fragmentami utwor\u00f3w Joanny Kulmowej.\" data-full=\"https:\/\/bpzoliborz.pl\/bpzoliborz\/wp-content\/uploads\/2024\/06\/IMG_5068.jpg\" title=\"konkurs recytatorski kulmowa 22.06.2024 fina\u0142 (41)\" width=\"1080\" height=\"720\" data-src=\"https:\/\/bpzoliborz.pl\/bpzoliborz\/wp-content\/uploads\/2024\/06\/IMG_5068.jpg\" data-caption=\"Wyst\u0119p artyst\u00f3w z Teatru WaWa: &quot;Poezja Joanny Kulmowej w muzycznej ods\u0142onie\u201d w wykonaniu Magdy Ku\u015bnierz i Marka Komarnickiego do muzyki Tomasza Czekalskiego\" data-source=\"modula\" data-srcset=\"https:\/\/bpzoliborz.pl\/bpzoliborz\/wp-content\/uploads\/2024\/06\/IMG_5068.jpg 1080w, https:\/\/bpzoliborz.pl\/bpzoliborz\/wp-content\/uploads\/2024\/06\/IMG_5068-768x512.jpg 768w, https:\/\/bpzoliborz.pl\/bpzoliborz\/wp-content\/uploads\/2024\/06\/IMG_5068-391x260.jpg 391w, https:\/\/bpzoliborz.pl\/bpzoliborz\/wp-content\/uploads\/2024\/06\/IMG_5068-930x620.jpg 930w\" data-sizes=\"(max-width: 1080px) 100vw, 1080px\" \/>\r\n\t\t<div class=\"figc\">\r\n\t\t\t<div class=\"figc-inner\">\r\n\t\t\t\t\t\t\t\t\t\t\t\t\t<p class=\"description\">Wyst\u0119p artyst\u00f3w z Teatru WaWa: \"Poezja Joanny Kulmowej w muzycznej ods\u0142onie\u201d w wykonaniu Magdy Ku\u015bnierz i Marka Komarnickiego do muzyki Tomasza Czekalskiego<\/p>\r\n\t\t\t\t\t\t\t\t\t\t\t<\/div>\r\n\t\t<\/div>\r\n\r\n\t<\/div>\r\n\r\n<\/div><div class=\"modula-item effect-pufrobo\" >\r\n\t<div class=\"modula-item-overlay\"><\/div>\r\n\r\n\t<div class=\"modula-item-content\">\r\n\r\n\t\t\t\t\r\n\t\t\t\t\t<a data-image-id=\"22521\" data-elementor-open-lightbox=\"no\" rel=\"jtg-22564\" data-caption=\"Kurator Izby Pami\u0119ci Marii Kownackiej na \u017boliborzu - Anna Gruszczy\u0144ska wr\u0119cza dyplomy za udzia\u0142 w konkursie\" aria-label=\"Otw\u00f3rz obrazek w Lightboxie\" role=\"button\" class=\"tile-inner modula-item-link\"><\/a>\r\n\t\t\r\n\t\t<img class=\"pic wp-image-22521 lazyload\"  data-valign=\"middle\" data-halign=\"center\" alt=\"Zdj\u0119cie z II \u017boliborskiego Konkursu Recytatorskiego im. Joanny Kulmowej zorganizowanego przez Bibliotek\u0119 Publiczn\u0105 w Dzielnicy \u017boliborz, Spo\u0142eczny Dom Kultury WSM oraz Fundacj\u0119 Joanny i Jana Kulm\u00f3w. Laureaci konkursu - dzieci, stoj\u0105 na scenie z wr\u0119czonymi nagrodami i dyplomami wraz z cz\u0142onkini\u0105 jury. W tle napis \u017boliborski Konkurs Recytatorski im. Joanny Kulmowej oraz sztalugi z fragmentami utwor\u00f3w Joanny Kulmowej.\" data-full=\"https:\/\/bpzoliborz.pl\/bpzoliborz\/wp-content\/uploads\/2024\/06\/konkurs-recytatorski-kulmowa-22.06.2024-final-11.jpg\" title=\"konkurs recytatorski kulmowa 22.06.2024 fina\u0142 (11)\" width=\"1080\" height=\"720\" data-src=\"https:\/\/bpzoliborz.pl\/bpzoliborz\/wp-content\/uploads\/2024\/06\/konkurs-recytatorski-kulmowa-22.06.2024-final-11.jpg\" data-caption=\"Kurator Izby Pami\u0119ci Marii Kownackiej na \u017boliborzu - Anna Gruszczy\u0144ska wr\u0119cza dyplomy za udzia\u0142 w konkursie\" data-source=\"modula\" data-srcset=\"https:\/\/bpzoliborz.pl\/bpzoliborz\/wp-content\/uploads\/2024\/06\/konkurs-recytatorski-kulmowa-22.06.2024-final-11.jpg 1080w, https:\/\/bpzoliborz.pl\/bpzoliborz\/wp-content\/uploads\/2024\/06\/konkurs-recytatorski-kulmowa-22.06.2024-final-11-768x512.jpg 768w, https:\/\/bpzoliborz.pl\/bpzoliborz\/wp-content\/uploads\/2024\/06\/konkurs-recytatorski-kulmowa-22.06.2024-final-11-391x260.jpg 391w, https:\/\/bpzoliborz.pl\/bpzoliborz\/wp-content\/uploads\/2024\/06\/konkurs-recytatorski-kulmowa-22.06.2024-final-11-930x620.jpg 930w\" data-sizes=\"(max-width: 1080px) 100vw, 1080px\" \/>\r\n\t\t<div class=\"figc\">\r\n\t\t\t<div class=\"figc-inner\">\r\n\t\t\t\t\t\t\t\t\t\t\t\t\t<p class=\"description\">Kurator Izby Pami\u0119ci Marii Kownackiej na \u017boliborzu - Anna Gruszczy\u0144ska wr\u0119cza dyplomy za udzia\u0142 w konkursie<\/p>\r\n\t\t\t\t\t\t\t\t\t\t\t<\/div>\r\n\t\t<\/div>\r\n\r\n\t<\/div>\r\n\r\n<\/div><div class=\"modula-item effect-pufrobo\" >\r\n\t<div class=\"modula-item-overlay\"><\/div>\r\n\r\n\t<div class=\"modula-item-content\">\r\n\r\n\t\t\t\t\r\n\t\t\t\t\t<a data-image-id=\"22522\" data-elementor-open-lightbox=\"no\" rel=\"jtg-22564\" data-caption=\"Uczestnicy konkursu z dyplomami za udzia\u0142 w konkursie\" aria-label=\"Otw\u00f3rz obrazek w Lightboxie\" role=\"button\" class=\"tile-inner modula-item-link\"><\/a>\r\n\t\t\r\n\t\t<img class=\"pic wp-image-22522 lazyload\"  data-valign=\"middle\" data-halign=\"center\" alt=\"Zdj\u0119cie z II \u017boliborskiego Konkursu Recytatorskiego im. Joanny Kulmowej zorganizowanego przez Bibliotek\u0119 Publiczn\u0105 w Dzielnicy \u017boliborz, Spo\u0142eczny Dom Kultury WSM oraz Fundacj\u0119 Joanny i Jana Kulm\u00f3w. Laureaci konkursu - dzieci, stoj\u0105 na scenie z wr\u0119czonymi nagrodami i dyplomami. W tle napis \u017boliborski Konkurs Recytatorski im. Joanny Kulmowej oraz sztalugi z fragmentami utwor\u00f3w Joanny Kulmowej.\" data-full=\"https:\/\/bpzoliborz.pl\/bpzoliborz\/wp-content\/uploads\/2024\/06\/konkurs-recytatorski-kulmowa-22.06.2024-final-12.jpg\" title=\"konkurs recytatorski kulmowa 22.06.2024 fina\u0142 (12)\" width=\"1080\" height=\"720\" data-src=\"https:\/\/bpzoliborz.pl\/bpzoliborz\/wp-content\/uploads\/2024\/06\/konkurs-recytatorski-kulmowa-22.06.2024-final-12.jpg\" data-caption=\"Uczestnicy konkursu z dyplomami za udzia\u0142 w konkursie\" data-source=\"modula\" data-srcset=\"https:\/\/bpzoliborz.pl\/bpzoliborz\/wp-content\/uploads\/2024\/06\/konkurs-recytatorski-kulmowa-22.06.2024-final-12.jpg 1080w, https:\/\/bpzoliborz.pl\/bpzoliborz\/wp-content\/uploads\/2024\/06\/konkurs-recytatorski-kulmowa-22.06.2024-final-12-768x512.jpg 768w, https:\/\/bpzoliborz.pl\/bpzoliborz\/wp-content\/uploads\/2024\/06\/konkurs-recytatorski-kulmowa-22.06.2024-final-12-391x260.jpg 391w, https:\/\/bpzoliborz.pl\/bpzoliborz\/wp-content\/uploads\/2024\/06\/konkurs-recytatorski-kulmowa-22.06.2024-final-12-930x620.jpg 930w\" data-sizes=\"(max-width: 1080px) 100vw, 1080px\" \/>\r\n\t\t<div class=\"figc\">\r\n\t\t\t<div class=\"figc-inner\">\r\n\t\t\t\t\t\t\t\t\t\t\t\t\t<p class=\"description\">Uczestnicy konkursu z dyplomami za udzia\u0142 w konkursie<\/p>\r\n\t\t\t\t\t\t\t\t\t\t\t<\/div>\r\n\t\t<\/div>\r\n\r\n\t<\/div>\r\n\r\n<\/div><div class=\"modula-item effect-pufrobo\" >\r\n\t<div class=\"modula-item-overlay\"><\/div>\r\n\r\n\t<div class=\"modula-item-content\">\r\n\r\n\t\t\t\t\r\n\t\t\t\t\t<a data-image-id=\"22549\" data-elementor-open-lightbox=\"no\" rel=\"jtg-22564\" data-caption=\"Pomys\u0142odawca konkursu - Jakub T. Wolski wr\u0119cza Nagrody Jury -  Nagrod\u0119 Jakuba T. Wolskiego\" aria-label=\"Otw\u00f3rz obrazek w Lightboxie\" role=\"button\" class=\"tile-inner modula-item-link\"><\/a>\r\n\t\t\r\n\t\t<img class=\"pic wp-image-22549 lazyload\"  data-valign=\"middle\" data-halign=\"center\" alt=\"Zdj\u0119cie z II \u017boliborskiego Konkursu Recytatorskiego im. Joanny Kulmowej zorganizowanego przez Bibliotek\u0119 Publiczn\u0105 w Dzielnicy \u017boliborz, Spo\u0142eczny Dom Kultury WSM oraz Fundacj\u0119 Joanny i Jana Kulm\u00f3w. Cz\u0142onek Jury wr\u0119cza nagrody i dyplomy na scenie Spo\u0142ecznego Domu Kultury. W tle baner z napisem \u017boliborski Konkurs Recytatorski im. Joanny Kulmowej oraz sztalugi z fragmentami utwor\u00f3w Joanny Kulmowej.\" data-full=\"https:\/\/bpzoliborz.pl\/bpzoliborz\/wp-content\/uploads\/2024\/06\/konkurs-recytatorski-kulmowa-22.06.2024-final-38.jpg\" title=\"konkurs recytatorski kulmowa 22.06.2024 fina\u0142 (38\" width=\"1080\" height=\"720\" data-src=\"https:\/\/bpzoliborz.pl\/bpzoliborz\/wp-content\/uploads\/2024\/06\/konkurs-recytatorski-kulmowa-22.06.2024-final-38.jpg\" data-caption=\"Pomys\u0142odawca konkursu - Jakub T. Wolski wr\u0119cza Nagrody Jury -  Nagrod\u0119 Jakuba T. Wolskiego\" data-source=\"modula\" data-srcset=\"https:\/\/bpzoliborz.pl\/bpzoliborz\/wp-content\/uploads\/2024\/06\/konkurs-recytatorski-kulmowa-22.06.2024-final-38.jpg 1080w, https:\/\/bpzoliborz.pl\/bpzoliborz\/wp-content\/uploads\/2024\/06\/konkurs-recytatorski-kulmowa-22.06.2024-final-38-768x512.jpg 768w, https:\/\/bpzoliborz.pl\/bpzoliborz\/wp-content\/uploads\/2024\/06\/konkurs-recytatorski-kulmowa-22.06.2024-final-38-391x260.jpg 391w, https:\/\/bpzoliborz.pl\/bpzoliborz\/wp-content\/uploads\/2024\/06\/konkurs-recytatorski-kulmowa-22.06.2024-final-38-930x620.jpg 930w\" data-sizes=\"(max-width: 1080px) 100vw, 1080px\" \/>\r\n\t\t<div class=\"figc\">\r\n\t\t\t<div class=\"figc-inner\">\r\n\t\t\t\t\t\t\t\t\t\t\t\t\t<p class=\"description\">Pomys\u0142odawca konkursu - Jakub T. Wolski wr\u0119cza Nagrody Jury -  Nagrod\u0119 Jakuba T. Wolskiego<\/p>\r\n\t\t\t\t\t\t\t\t\t\t\t<\/div>\r\n\t\t<\/div>\r\n\r\n\t<\/div>\r\n\r\n<\/div><div class=\"modula-item effect-pufrobo\" >\r\n\t<div class=\"modula-item-overlay\"><\/div>\r\n\r\n\t<div class=\"modula-item-content\">\r\n\r\n\t\t\t\t\r\n\t\t\t\t\t<a data-image-id=\"22547\" data-elementor-open-lightbox=\"no\" rel=\"jtg-22564\" data-caption=\"Kuzynka Jana Kulmy - Monika Wellman wr\u0119cza Nagrody Jury - Nagrod\u0119 Rodziny Kulm\u00f3w\" aria-label=\"Otw\u00f3rz obrazek w Lightboxie\" role=\"button\" class=\"tile-inner modula-item-link\"><\/a>\r\n\t\t\r\n\t\t<img class=\"pic wp-image-22547 lazyload\"  data-valign=\"middle\" data-halign=\"center\" alt=\"Zdj\u0119cie z II \u017boliborskiego Konkursu Recytatorskiego im. Joanny Kulmowej zorganizowanego przez Bibliotek\u0119 Publiczn\u0105 w Dzielnicy \u017boliborz, Spo\u0142eczny Dom Kultury WSM oraz Fundacj\u0119 Joanny i Jana Kulm\u00f3w. Cz\u0142onek Jury wr\u0119cza nagrody i dyplomy na scenie Spo\u0142ecznego Domu Kultury. W tle baner z napisem \u017boliborski Konkurs Recytatorski im. Joanny Kulmowej oraz sztalugi z fragmentami utwor\u00f3w Joanny Kulmowej.\" data-full=\"https:\/\/bpzoliborz.pl\/bpzoliborz\/wp-content\/uploads\/2024\/06\/konkurs-recytatorski-kulmowa-22.06.2024-final-37.jpg\" title=\"konkurs recytatorski kulmowa 22.06.2024 fina\u0142 (37)\" width=\"1080\" height=\"720\" data-src=\"https:\/\/bpzoliborz.pl\/bpzoliborz\/wp-content\/uploads\/2024\/06\/konkurs-recytatorski-kulmowa-22.06.2024-final-37.jpg\" data-caption=\"Kuzynka Jana Kulmy - Monika Wellman wr\u0119cza Nagrody Jury - Nagrod\u0119 Rodziny Kulm\u00f3w\" data-source=\"modula\" data-srcset=\"https:\/\/bpzoliborz.pl\/bpzoliborz\/wp-content\/uploads\/2024\/06\/konkurs-recytatorski-kulmowa-22.06.2024-final-37.jpg 1080w, https:\/\/bpzoliborz.pl\/bpzoliborz\/wp-content\/uploads\/2024\/06\/konkurs-recytatorski-kulmowa-22.06.2024-final-37-768x512.jpg 768w, https:\/\/bpzoliborz.pl\/bpzoliborz\/wp-content\/uploads\/2024\/06\/konkurs-recytatorski-kulmowa-22.06.2024-final-37-391x260.jpg 391w, https:\/\/bpzoliborz.pl\/bpzoliborz\/wp-content\/uploads\/2024\/06\/konkurs-recytatorski-kulmowa-22.06.2024-final-37-930x620.jpg 930w\" data-sizes=\"(max-width: 1080px) 100vw, 1080px\" \/>\r\n\t\t<div class=\"figc\">\r\n\t\t\t<div class=\"figc-inner\">\r\n\t\t\t\t\t\t\t\t\t\t\t\t\t<p class=\"description\">Kuzynka Jana Kulmy - Monika Wellman wr\u0119cza Nagrody Jury - Nagrod\u0119 Rodziny Kulm\u00f3w<\/p>\r\n\t\t\t\t\t\t\t\t\t\t\t<\/div>\r\n\t\t<\/div>\r\n\r\n\t<\/div>\r\n\r\n<\/div><div class=\"modula-item effect-pufrobo\" >\r\n\t<div class=\"modula-item-overlay\"><\/div>\r\n\r\n\t<div class=\"modula-item-content\">\r\n\r\n\t\t\t\t\r\n\t\t\t\t\t<a data-image-id=\"22538\" data-elementor-open-lightbox=\"no\" rel=\"jtg-22564\" data-caption=\"Laureatka konkursu recytuje interpretacj\u0119 wiersza Joanny Kulmowej\" aria-label=\"Otw\u00f3rz obrazek w Lightboxie\" role=\"button\" class=\"tile-inner modula-item-link\"><\/a>\r\n\t\t\r\n\t\t<img class=\"pic wp-image-22538 lazyload\"  data-valign=\"middle\" data-halign=\"center\" alt=\"Zdj\u0119cie z II \u017boliborskiego Konkursu Recytatorskiego im. Joanny Kulmowej zorganizowanego przez Bibliotek\u0119 Publiczn\u0105 w Dzielnicy \u017boliborz, Spo\u0142eczny Dom Kultury WSM oraz Fundacj\u0119 Joanny i Jana Kulm\u00f3w. Dziewczynka siedz\u0105ca na scenie i recytuj\u0105ca do mikrofonu utw\u00f3r Joanny Kulmowej. W tle Burmistrzyni \u017boliborza oraz Dyrektor Biblioteki stoj\u0105ce na scenie oraz baner z napisem \u017boliborski Konkurs Recytatorski im. Joanny Kulmowej oraz sztalugi z fragmentami utwor\u00f3w Joanny Kulmowej.\" data-full=\"https:\/\/bpzoliborz.pl\/bpzoliborz\/wp-content\/uploads\/2024\/06\/konkurs-recytatorski-kulmowa-22.06.2024-final-28.jpg\" title=\"konkurs recytatorski kulmowa 22.06.2024 fina\u0142 (28)\" width=\"1080\" height=\"720\" data-src=\"https:\/\/bpzoliborz.pl\/bpzoliborz\/wp-content\/uploads\/2024\/06\/konkurs-recytatorski-kulmowa-22.06.2024-final-28.jpg\" data-caption=\"Laureatka konkursu recytuje interpretacj\u0119 wiersza Joanny Kulmowej\" data-source=\"modula\" data-srcset=\"https:\/\/bpzoliborz.pl\/bpzoliborz\/wp-content\/uploads\/2024\/06\/konkurs-recytatorski-kulmowa-22.06.2024-final-28.jpg 1080w, https:\/\/bpzoliborz.pl\/bpzoliborz\/wp-content\/uploads\/2024\/06\/konkurs-recytatorski-kulmowa-22.06.2024-final-28-768x512.jpg 768w, https:\/\/bpzoliborz.pl\/bpzoliborz\/wp-content\/uploads\/2024\/06\/konkurs-recytatorski-kulmowa-22.06.2024-final-28-391x260.jpg 391w, https:\/\/bpzoliborz.pl\/bpzoliborz\/wp-content\/uploads\/2024\/06\/konkurs-recytatorski-kulmowa-22.06.2024-final-28-930x620.jpg 930w\" data-sizes=\"(max-width: 1080px) 100vw, 1080px\" \/>\r\n\t\t<div class=\"figc\">\r\n\t\t\t<div class=\"figc-inner\">\r\n\t\t\t\t\t\t\t\t\t\t\t\t\t<p class=\"description\">Laureatka konkursu recytuje interpretacj\u0119 wiersza Joanny Kulmowej<\/p>\r\n\t\t\t\t\t\t\t\t\t\t\t<\/div>\r\n\t\t<\/div>\r\n\r\n\t<\/div>\r\n\r\n<\/div><div class=\"modula-item effect-pufrobo\" >\r\n\t<div class=\"modula-item-overlay\"><\/div>\r\n\r\n\t<div class=\"modula-item-content\">\r\n\r\n\t\t\t\t\r\n\t\t\t\t\t<a data-image-id=\"22537\" data-elementor-open-lightbox=\"no\" rel=\"jtg-22564\" data-caption=\"Laureat konkursu recytuje interpretacj\u0119 wiersza Joanny Kulmowej\" aria-label=\"Otw\u00f3rz obrazek w Lightboxie\" role=\"button\" class=\"tile-inner modula-item-link\"><\/a>\r\n\t\t\r\n\t\t<img class=\"pic wp-image-22537 lazyload\"  data-valign=\"middle\" data-halign=\"center\" alt=\"Zdj\u0119cie z II \u017boliborskiego Konkursu Recytatorskiego im. Joanny Kulmowej zorganizowanego przez Bibliotek\u0119 Publiczn\u0105 w Dzielnicy \u017boliborz, Spo\u0142eczny Dom Kultury WSM oraz Fundacj\u0119 Joanny i Jana Kulm\u00f3w. Wyst\u0119p laureatki konkursu. W tle cz\u0142onkinie jury oraz baner z napisem \u017boliborski Konkurs Recytatorski im. Joanny Kulmowej oraz sztalugi z fragmentami utwor\u00f3w Joanny Kulmowej.\" data-full=\"https:\/\/bpzoliborz.pl\/bpzoliborz\/wp-content\/uploads\/2024\/06\/konkurs-recytatorski-kulmowa-22.06.2024-final-27.jpg\" title=\"konkurs recytatorski kulmowa 22.06.2024 fina\u0142 (27)\" width=\"1080\" height=\"720\" data-src=\"https:\/\/bpzoliborz.pl\/bpzoliborz\/wp-content\/uploads\/2024\/06\/konkurs-recytatorski-kulmowa-22.06.2024-final-27.jpg\" data-caption=\"Laureat konkursu recytuje interpretacj\u0119 wiersza Joanny Kulmowej\" data-source=\"modula\" data-srcset=\"https:\/\/bpzoliborz.pl\/bpzoliborz\/wp-content\/uploads\/2024\/06\/konkurs-recytatorski-kulmowa-22.06.2024-final-27.jpg 1080w, https:\/\/bpzoliborz.pl\/bpzoliborz\/wp-content\/uploads\/2024\/06\/konkurs-recytatorski-kulmowa-22.06.2024-final-27-768x512.jpg 768w, https:\/\/bpzoliborz.pl\/bpzoliborz\/wp-content\/uploads\/2024\/06\/konkurs-recytatorski-kulmowa-22.06.2024-final-27-391x260.jpg 391w, https:\/\/bpzoliborz.pl\/bpzoliborz\/wp-content\/uploads\/2024\/06\/konkurs-recytatorski-kulmowa-22.06.2024-final-27-930x620.jpg 930w\" data-sizes=\"(max-width: 1080px) 100vw, 1080px\" \/>\r\n\t\t<div class=\"figc\">\r\n\t\t\t<div class=\"figc-inner\">\r\n\t\t\t\t\t\t\t\t\t\t\t\t\t<p class=\"description\">Laureat konkursu recytuje interpretacj\u0119 wiersza Joanny Kulmowej<\/p>\r\n\t\t\t\t\t\t\t\t\t\t\t<\/div>\r\n\t\t<\/div>\r\n\r\n\t<\/div>\r\n\r\n<\/div><div class=\"modula-item effect-pufrobo\" >\r\n\t<div class=\"modula-item-overlay\"><\/div>\r\n\r\n\t<div class=\"modula-item-content\">\r\n\r\n\t\t\t\t\r\n\t\t\t\t\t<a data-image-id=\"22536\" data-elementor-open-lightbox=\"no\" rel=\"jtg-22564\" data-caption=\"Laureat konkursu recytuje interpretacj\u0119 wiersza Joanny Kulmowej\" aria-label=\"Otw\u00f3rz obrazek w Lightboxie\" role=\"button\" class=\"tile-inner modula-item-link\"><\/a>\r\n\t\t\r\n\t\t<img class=\"pic wp-image-22536 lazyload\"  data-valign=\"middle\" data-halign=\"center\" alt=\"Zdj\u0119cie z II \u017boliborskiego Konkursu Recytatorskiego im. Joanny Kulmowej zorganizowanego przez Bibliotek\u0119 Publiczn\u0105 w Dzielnicy \u017boliborz, Spo\u0142eczny Dom Kultury WSM oraz Fundacj\u0119 Joanny i Jana Kulm\u00f3w. Wyst\u0119p laureatki konkursu. W tle cz\u0142onkinie jury oraz baner z napisem \u017boliborski Konkurs Recytatorski im. Joanny Kulmowej oraz sztalugi z fragmentami utwor\u00f3w Joanny Kulmowej.\" data-full=\"https:\/\/bpzoliborz.pl\/bpzoliborz\/wp-content\/uploads\/2024\/06\/konkurs-recytatorski-kulmowa-22.06.2024-final-26.jpg\" title=\"konkurs recytatorski kulmowa 22.06.2024 fina\u0142 (26)\" width=\"1080\" height=\"720\" data-src=\"https:\/\/bpzoliborz.pl\/bpzoliborz\/wp-content\/uploads\/2024\/06\/konkurs-recytatorski-kulmowa-22.06.2024-final-26.jpg\" data-caption=\"Laureat konkursu recytuje interpretacj\u0119 wiersza Joanny Kulmowej\" data-source=\"modula\" data-srcset=\"https:\/\/bpzoliborz.pl\/bpzoliborz\/wp-content\/uploads\/2024\/06\/konkurs-recytatorski-kulmowa-22.06.2024-final-26.jpg 1080w, https:\/\/bpzoliborz.pl\/bpzoliborz\/wp-content\/uploads\/2024\/06\/konkurs-recytatorski-kulmowa-22.06.2024-final-26-768x512.jpg 768w, https:\/\/bpzoliborz.pl\/bpzoliborz\/wp-content\/uploads\/2024\/06\/konkurs-recytatorski-kulmowa-22.06.2024-final-26-391x260.jpg 391w, https:\/\/bpzoliborz.pl\/bpzoliborz\/wp-content\/uploads\/2024\/06\/konkurs-recytatorski-kulmowa-22.06.2024-final-26-930x620.jpg 930w\" data-sizes=\"(max-width: 1080px) 100vw, 1080px\" \/>\r\n\t\t<div class=\"figc\">\r\n\t\t\t<div class=\"figc-inner\">\r\n\t\t\t\t\t\t\t\t\t\t\t\t\t<p class=\"description\">Laureat konkursu recytuje interpretacj\u0119 wiersza Joanny Kulmowej<\/p>\r\n\t\t\t\t\t\t\t\t\t\t\t<\/div>\r\n\t\t<\/div>\r\n\r\n\t<\/div>\r\n\r\n<\/div><div class=\"modula-item effect-pufrobo\" >\r\n\t<div class=\"modula-item-overlay\"><\/div>\r\n\r\n\t<div class=\"modula-item-content\">\r\n\r\n\t\t\t\t\r\n\t\t\t\t\t<a data-image-id=\"22530\" data-elementor-open-lightbox=\"no\" rel=\"jtg-22564\" data-caption=\"Wyst\u0119p artyst\u00f3w z Teatru WaWa: &quot;Poezja Joanny Kulmowej w muzycznej ods\u0142onie\u201d w wykonaniu Magdy Ku\u015bnierz i Marka Komarnickiego do muzyki Tomasza Czekalskiego\" aria-label=\"Otw\u00f3rz obrazek w Lightboxie\" role=\"button\" class=\"tile-inner modula-item-link\"><\/a>\r\n\t\t\r\n\t\t<img class=\"pic wp-image-22530 lazyload\"  data-valign=\"middle\" data-halign=\"center\" alt=\"Zdj\u0119cie z II \u017boliborskiego Konkursu Recytatorskiego im. Joanny Kulmowej zorganizowanego przez Bibliotek\u0119 Publiczn\u0105 w Dzielnicy \u017boliborz, Spo\u0142eczny Dom Kultury WSM oraz Fundacj\u0119 Joanny i Jana Kulm\u00f3w. Arty\u015bci wyst\u0119puj\u0105cy na scenie Spo\u0142ecznego Domu Kultury \u015bpiewaj\u0105 przy mikrofonach. W tle baner z napisem \u017boliborski Konkurs Recytatorski im. Joanny Kulmowej oraz sztalugi z fragmentami utwor\u00f3w Joanny Kulmowej.\" data-full=\"https:\/\/bpzoliborz.pl\/bpzoliborz\/wp-content\/uploads\/2024\/06\/konkurs-recytatorski-kulmowa-22.06.2024-final-20.jpg\" title=\"konkurs recytatorski kulmowa 22.06.2024 fina\u0142 (20)\" width=\"1080\" height=\"720\" data-src=\"https:\/\/bpzoliborz.pl\/bpzoliborz\/wp-content\/uploads\/2024\/06\/konkurs-recytatorski-kulmowa-22.06.2024-final-20.jpg\" data-caption=\"Wyst\u0119p artyst\u00f3w z Teatru WaWa: &quot;Poezja Joanny Kulmowej w muzycznej ods\u0142onie\u201d w wykonaniu Magdy Ku\u015bnierz i Marka Komarnickiego do muzyki Tomasza Czekalskiego\" data-source=\"modula\" data-srcset=\"https:\/\/bpzoliborz.pl\/bpzoliborz\/wp-content\/uploads\/2024\/06\/konkurs-recytatorski-kulmowa-22.06.2024-final-20.jpg 1080w, https:\/\/bpzoliborz.pl\/bpzoliborz\/wp-content\/uploads\/2024\/06\/konkurs-recytatorski-kulmowa-22.06.2024-final-20-768x512.jpg 768w, https:\/\/bpzoliborz.pl\/bpzoliborz\/wp-content\/uploads\/2024\/06\/konkurs-recytatorski-kulmowa-22.06.2024-final-20-391x260.jpg 391w, https:\/\/bpzoliborz.pl\/bpzoliborz\/wp-content\/uploads\/2024\/06\/konkurs-recytatorski-kulmowa-22.06.2024-final-20-930x620.jpg 930w\" data-sizes=\"(max-width: 1080px) 100vw, 1080px\" \/>\r\n\t\t<div class=\"figc\">\r\n\t\t\t<div class=\"figc-inner\">\r\n\t\t\t\t\t\t\t\t\t\t\t\t\t<p class=\"description\">Wyst\u0119p artyst\u00f3w z Teatru WaWa: \"Poezja Joanny Kulmowej w muzycznej ods\u0142onie\u201d w wykonaniu Magdy Ku\u015bnierz i Marka Komarnickiego do muzyki Tomasza Czekalskiego<\/p>\r\n\t\t\t\t\t\t\t\t\t\t\t<\/div>\r\n\t\t<\/div>\r\n\r\n\t<\/div>\r\n\r\n<\/div><div class=\"modula-item effect-pufrobo\" >\r\n\t<div class=\"modula-item-overlay\"><\/div>\r\n\r\n\t<div class=\"modula-item-content\">\r\n\r\n\t\t\t\t\r\n\t\t\t\t\t<a data-image-id=\"22535\" data-elementor-open-lightbox=\"no\" rel=\"jtg-22564\" data-caption=\"Laureatka konkursu recytuje interpretacj\u0119 wiersza Joanny Kulmowej\" aria-label=\"Otw\u00f3rz obrazek w Lightboxie\" role=\"button\" class=\"tile-inner modula-item-link\"><\/a>\r\n\t\t\r\n\t\t<img class=\"pic wp-image-22535 lazyload\"  data-valign=\"middle\" data-halign=\"center\" alt=\"Zdj\u0119cie z II \u017boliborskiego Konkursu Recytatorskiego im. Joanny Kulmowej zorganizowanego przez Bibliotek\u0119 Publiczn\u0105 w Dzielnicy \u017boliborz, Spo\u0142eczny Dom Kultury WSM oraz Fundacj\u0119 Joanny i Jana Kulm\u00f3w. Wyst\u0119p laureatki konkursu. W tle cz\u0142onkinie jury oraz baner z napisem \u017boliborski Konkurs Recytatorski im. Joanny Kulmowej oraz sztalugi z fragmentami utwor\u00f3w Joanny Kulmowej.\" data-full=\"https:\/\/bpzoliborz.pl\/bpzoliborz\/wp-content\/uploads\/2024\/06\/konkurs-recytatorski-kulmowa-22.06.2024-final-25.jpg\" title=\"konkurs recytatorski kulmowa 22.06.2024 fina\u0142 (25)\" width=\"1080\" height=\"720\" data-src=\"https:\/\/bpzoliborz.pl\/bpzoliborz\/wp-content\/uploads\/2024\/06\/konkurs-recytatorski-kulmowa-22.06.2024-final-25.jpg\" data-caption=\"Laureatka konkursu recytuje interpretacj\u0119 wiersza Joanny Kulmowej\" data-source=\"modula\" data-srcset=\"https:\/\/bpzoliborz.pl\/bpzoliborz\/wp-content\/uploads\/2024\/06\/konkurs-recytatorski-kulmowa-22.06.2024-final-25.jpg 1080w, https:\/\/bpzoliborz.pl\/bpzoliborz\/wp-content\/uploads\/2024\/06\/konkurs-recytatorski-kulmowa-22.06.2024-final-25-768x512.jpg 768w, https:\/\/bpzoliborz.pl\/bpzoliborz\/wp-content\/uploads\/2024\/06\/konkurs-recytatorski-kulmowa-22.06.2024-final-25-391x260.jpg 391w, https:\/\/bpzoliborz.pl\/bpzoliborz\/wp-content\/uploads\/2024\/06\/konkurs-recytatorski-kulmowa-22.06.2024-final-25-930x620.jpg 930w\" data-sizes=\"(max-width: 1080px) 100vw, 1080px\" \/>\r\n\t\t<div class=\"figc\">\r\n\t\t\t<div class=\"figc-inner\">\r\n\t\t\t\t\t\t\t\t\t\t\t\t\t<p class=\"description\">Laureatka konkursu recytuje interpretacj\u0119 wiersza Joanny Kulmowej<\/p>\r\n\t\t\t\t\t\t\t\t\t\t\t<\/div>\r\n\t\t<\/div>\r\n\r\n\t<\/div>\r\n\r\n<\/div><div class=\"modula-item effect-pufrobo\" >\r\n\t<div class=\"modula-item-overlay\"><\/div>\r\n\r\n\t<div class=\"modula-item-content\">\r\n\r\n\t\t\t\t\r\n\t\t\t\t\t<a data-image-id=\"22534\" data-elementor-open-lightbox=\"no\" rel=\"jtg-22564\" data-caption=\"Laureat konkursu recytuje interpretacj\u0119 wiersza Joanny Kulmowej\" aria-label=\"Otw\u00f3rz obrazek w Lightboxie\" role=\"button\" class=\"tile-inner modula-item-link\"><\/a>\r\n\t\t\r\n\t\t<img class=\"pic wp-image-22534 lazyload\"  data-valign=\"middle\" data-halign=\"center\" alt=\"Zdj\u0119cie z II \u017boliborskiego Konkursu Recytatorskiego im. Joanny Kulmowej zorganizowanego przez Bibliotek\u0119 Publiczn\u0105 w Dzielnicy \u017boliborz, Spo\u0142eczny Dom Kultury WSM oraz Fundacj\u0119 Joanny i Jana Kulm\u00f3w. Wyst\u0119p laureatki konkursu. W tle cz\u0142onek jury oraz baner z napisem \u017boliborski Konkurs Recytatorski im. Joanny Kulmowej oraz sztalugi z fragmentami utwor\u00f3w Joanny Kulmowej.\" data-full=\"https:\/\/bpzoliborz.pl\/bpzoliborz\/wp-content\/uploads\/2024\/06\/konkurs-recytatorski-kulmowa-22.06.2024-final-24.jpg\" title=\"konkurs recytatorski kulmowa 22.06.2024 fina\u0142 (24)\" width=\"1080\" height=\"720\" data-src=\"https:\/\/bpzoliborz.pl\/bpzoliborz\/wp-content\/uploads\/2024\/06\/konkurs-recytatorski-kulmowa-22.06.2024-final-24.jpg\" data-caption=\"Laureat konkursu recytuje interpretacj\u0119 wiersza Joanny Kulmowej\" data-source=\"modula\" data-srcset=\"https:\/\/bpzoliborz.pl\/bpzoliborz\/wp-content\/uploads\/2024\/06\/konkurs-recytatorski-kulmowa-22.06.2024-final-24.jpg 1080w, https:\/\/bpzoliborz.pl\/bpzoliborz\/wp-content\/uploads\/2024\/06\/konkurs-recytatorski-kulmowa-22.06.2024-final-24-768x512.jpg 768w, https:\/\/bpzoliborz.pl\/bpzoliborz\/wp-content\/uploads\/2024\/06\/konkurs-recytatorski-kulmowa-22.06.2024-final-24-391x260.jpg 391w, https:\/\/bpzoliborz.pl\/bpzoliborz\/wp-content\/uploads\/2024\/06\/konkurs-recytatorski-kulmowa-22.06.2024-final-24-930x620.jpg 930w\" data-sizes=\"(max-width: 1080px) 100vw, 1080px\" \/>\r\n\t\t<div class=\"figc\">\r\n\t\t\t<div class=\"figc-inner\">\r\n\t\t\t\t\t\t\t\t\t\t\t\t\t<p class=\"description\">Laureat konkursu recytuje interpretacj\u0119 wiersza Joanny Kulmowej<\/p>\r\n\t\t\t\t\t\t\t\t\t\t\t<\/div>\r\n\t\t<\/div>\r\n\r\n\t<\/div>\r\n\r\n<\/div><div class=\"modula-item effect-pufrobo\" >\r\n\t<div class=\"modula-item-overlay\"><\/div>\r\n\r\n\t<div class=\"modula-item-content\">\r\n\r\n\t\t\t\t\r\n\t\t\t\t\t<a data-image-id=\"22533\" data-elementor-open-lightbox=\"no\" rel=\"jtg-22564\" data-caption=\"Laureatka konkursu recytuje interpretacj\u0119 wiersza Joanny Kulmowej\" aria-label=\"Otw\u00f3rz obrazek w Lightboxie\" role=\"button\" class=\"tile-inner modula-item-link\"><\/a>\r\n\t\t\r\n\t\t<img class=\"pic wp-image-22533 lazyload\"  data-valign=\"middle\" data-halign=\"center\" alt=\"Zdj\u0119cie z II \u017boliborskiego Konkursu Recytatorskiego im. Joanny Kulmowej zorganizowanego przez Bibliotek\u0119 Publiczn\u0105 w Dzielnicy \u017boliborz, Spo\u0142eczny Dom Kultury WSM oraz Fundacj\u0119 Joanny i Jana Kulm\u00f3w. Wyst\u0119p laureatki konkursu. W tle cz\u0142onek jury oraz baner z napisem \u017boliborski Konkurs Recytatorski im. Joanny Kulmowej oraz sztalugi z fragmentami utwor\u00f3w Joanny Kulmowej.\" data-full=\"https:\/\/bpzoliborz.pl\/bpzoliborz\/wp-content\/uploads\/2024\/06\/konkurs-recytatorski-kulmowa-22.06.2024-final-23.jpg\" title=\"konkurs recytatorski kulmowa 22.06.2024 fina\u0142 (23)\" width=\"1080\" height=\"720\" data-src=\"https:\/\/bpzoliborz.pl\/bpzoliborz\/wp-content\/uploads\/2024\/06\/konkurs-recytatorski-kulmowa-22.06.2024-final-23.jpg\" data-caption=\"Laureatka konkursu recytuje interpretacj\u0119 wiersza Joanny Kulmowej\" data-source=\"modula\" data-srcset=\"https:\/\/bpzoliborz.pl\/bpzoliborz\/wp-content\/uploads\/2024\/06\/konkurs-recytatorski-kulmowa-22.06.2024-final-23.jpg 1080w, https:\/\/bpzoliborz.pl\/bpzoliborz\/wp-content\/uploads\/2024\/06\/konkurs-recytatorski-kulmowa-22.06.2024-final-23-768x512.jpg 768w, https:\/\/bpzoliborz.pl\/bpzoliborz\/wp-content\/uploads\/2024\/06\/konkurs-recytatorski-kulmowa-22.06.2024-final-23-391x260.jpg 391w, https:\/\/bpzoliborz.pl\/bpzoliborz\/wp-content\/uploads\/2024\/06\/konkurs-recytatorski-kulmowa-22.06.2024-final-23-930x620.jpg 930w\" data-sizes=\"(max-width: 1080px) 100vw, 1080px\" \/>\r\n\t\t<div class=\"figc\">\r\n\t\t\t<div class=\"figc-inner\">\r\n\t\t\t\t\t\t\t\t\t\t\t\t\t<p class=\"description\">Laureatka konkursu recytuje interpretacj\u0119 wiersza Joanny Kulmowej<\/p>\r\n\t\t\t\t\t\t\t\t\t\t\t<\/div>\r\n\t\t<\/div>\r\n\r\n\t<\/div>\r\n\r\n<\/div><div class=\"modula-item effect-pufrobo\" >\r\n\t<div class=\"modula-item-overlay\"><\/div>\r\n\r\n\t<div class=\"modula-item-content\">\r\n\r\n\t\t\t\t\r\n\t\t\t\t\t<a data-image-id=\"22532\" data-elementor-open-lightbox=\"no\" rel=\"jtg-22564\" data-caption=\"Aktor i &quot;siostrzeniec&quot; Pa\u0144stwa Kulm\u00f3w - Wojciech Wysocki wr\u0119cza nagrody laureatom konkursu\" aria-label=\"Otw\u00f3rz obrazek w Lightboxie\" role=\"button\" class=\"tile-inner modula-item-link\"><\/a>\r\n\t\t\r\n\t\t<img class=\"pic wp-image-22532 lazyload\"  data-valign=\"middle\" data-halign=\"center\" alt=\"Zdj\u0119cie z II \u017boliborskiego Konkursu Recytatorskiego im. Joanny Kulmowej zorganizowanego przez Bibliotek\u0119 Publiczn\u0105 w Dzielnicy \u017boliborz, Spo\u0142eczny Dom Kultury WSM oraz Fundacj\u0119 Joanny i Jana Kulm\u00f3w. Cz\u0142onek Jury wr\u0119cza nagrody i dyplomy na scenie Spo\u0142ecznego Domu Kultury. W tle Dyrektor Spo\u0142ecznego Domu Kultury WSM oraz baner z napisem \u017boliborski Konkurs Recytatorski im. Joanny Kulmowej oraz sztalugi z fragmentami utwor\u00f3w Joanny Kulmowej.\" data-full=\"https:\/\/bpzoliborz.pl\/bpzoliborz\/wp-content\/uploads\/2024\/06\/konkurs-recytatorski-kulmowa-22.06.2024-final-22.jpg\" title=\"konkurs recytatorski kulmowa 22.06.2024 fina\u0142 (22)\" width=\"1080\" height=\"720\" data-src=\"https:\/\/bpzoliborz.pl\/bpzoliborz\/wp-content\/uploads\/2024\/06\/konkurs-recytatorski-kulmowa-22.06.2024-final-22.jpg\" data-caption=\"Aktor i &quot;siostrzeniec&quot; Pa\u0144stwa Kulm\u00f3w - Wojciech Wysocki wr\u0119cza nagrody laureatom konkursu\" data-source=\"modula\" data-srcset=\"https:\/\/bpzoliborz.pl\/bpzoliborz\/wp-content\/uploads\/2024\/06\/konkurs-recytatorski-kulmowa-22.06.2024-final-22.jpg 1080w, https:\/\/bpzoliborz.pl\/bpzoliborz\/wp-content\/uploads\/2024\/06\/konkurs-recytatorski-kulmowa-22.06.2024-final-22-768x512.jpg 768w, https:\/\/bpzoliborz.pl\/bpzoliborz\/wp-content\/uploads\/2024\/06\/konkurs-recytatorski-kulmowa-22.06.2024-final-22-391x260.jpg 391w, https:\/\/bpzoliborz.pl\/bpzoliborz\/wp-content\/uploads\/2024\/06\/konkurs-recytatorski-kulmowa-22.06.2024-final-22-930x620.jpg 930w\" data-sizes=\"(max-width: 1080px) 100vw, 1080px\" \/>\r\n\t\t<div class=\"figc\">\r\n\t\t\t<div class=\"figc-inner\">\r\n\t\t\t\t\t\t\t\t\t\t\t\t\t<p class=\"description\">Aktor i \"siostrzeniec\" Pa\u0144stwa Kulm\u00f3w - Wojciech Wysocki wr\u0119cza nagrody laureatom konkursu<\/p>\r\n\t\t\t\t\t\t\t\t\t\t\t<\/div>\r\n\t\t<\/div>\r\n\r\n\t<\/div>\r\n\r\n<\/div><div class=\"modula-item effect-pufrobo\" >\r\n\t<div class=\"modula-item-overlay\"><\/div>\r\n\r\n\t<div class=\"modula-item-content\">\r\n\r\n\t\t\t\t\r\n\t\t\t\t\t<a data-image-id=\"22531\" data-elementor-open-lightbox=\"no\" rel=\"jtg-22564\" data-caption=\"Aktor i &quot;siostrzeniec&quot; Pa\u0144stwa Kulm\u00f3w - Wojciech Wysocki wr\u0119cza nagrody laureatom konkursu\" aria-label=\"Otw\u00f3rz obrazek w Lightboxie\" role=\"button\" class=\"tile-inner modula-item-link\"><\/a>\r\n\t\t\r\n\t\t<img class=\"pic wp-image-22531 lazyload\"  data-valign=\"middle\" data-halign=\"center\" alt=\"Zdj\u0119cie z II \u017boliborskiego Konkursu Recytatorskiego im. Joanny Kulmowej zorganizowanego przez Bibliotek\u0119 Publiczn\u0105 w Dzielnicy \u017boliborz, Spo\u0142eczny Dom Kultury WSM oraz Fundacj\u0119 Joanny i Jana Kulm\u00f3w. Cz\u0142onek Jury wr\u0119cza nagrody i dyplomy na scenie Spo\u0142ecznego Domu Kultury. W tle Dyrektor Spo\u0142ecznego Domu Kultury WSM oraz baner z napisem \u017boliborski Konkurs Recytatorski im. Joanny Kulmowej oraz sztalugi z fragmentami utwor\u00f3w Joanny Kulmowej.\" data-full=\"https:\/\/bpzoliborz.pl\/bpzoliborz\/wp-content\/uploads\/2024\/06\/konkurs-recytatorski-kulmowa-22.06.2024-final-21.jpg\" title=\"konkurs recytatorski kulmowa 22.06.2024 fina\u0142 (21)\" width=\"1080\" height=\"720\" data-src=\"https:\/\/bpzoliborz.pl\/bpzoliborz\/wp-content\/uploads\/2024\/06\/konkurs-recytatorski-kulmowa-22.06.2024-final-21.jpg\" data-caption=\"Aktor i &quot;siostrzeniec&quot; Pa\u0144stwa Kulm\u00f3w - Wojciech Wysocki wr\u0119cza nagrody laureatom konkursu\" data-source=\"modula\" data-srcset=\"https:\/\/bpzoliborz.pl\/bpzoliborz\/wp-content\/uploads\/2024\/06\/konkurs-recytatorski-kulmowa-22.06.2024-final-21.jpg 1080w, https:\/\/bpzoliborz.pl\/bpzoliborz\/wp-content\/uploads\/2024\/06\/konkurs-recytatorski-kulmowa-22.06.2024-final-21-768x512.jpg 768w, https:\/\/bpzoliborz.pl\/bpzoliborz\/wp-content\/uploads\/2024\/06\/konkurs-recytatorski-kulmowa-22.06.2024-final-21-391x260.jpg 391w, https:\/\/bpzoliborz.pl\/bpzoliborz\/wp-content\/uploads\/2024\/06\/konkurs-recytatorski-kulmowa-22.06.2024-final-21-930x620.jpg 930w\" data-sizes=\"(max-width: 1080px) 100vw, 1080px\" \/>\r\n\t\t<div class=\"figc\">\r\n\t\t\t<div class=\"figc-inner\">\r\n\t\t\t\t\t\t\t\t\t\t\t\t\t<p class=\"description\">Aktor i \"siostrzeniec\" Pa\u0144stwa Kulm\u00f3w - Wojciech Wysocki wr\u0119cza nagrody laureatom konkursu<\/p>\r\n\t\t\t\t\t\t\t\t\t\t\t<\/div>\r\n\t\t<\/div>\r\n\r\n\t<\/div>\r\n\r\n<\/div><div class=\"modula-item effect-pufrobo\" >\r\n\t<div class=\"modula-item-overlay\"><\/div>\r\n\r\n\t<div class=\"modula-item-content\">\r\n\r\n\t\t\t\t\r\n\t\t\t\t\t<a data-image-id=\"22528\" data-elementor-open-lightbox=\"no\" rel=\"jtg-22564\" data-caption=\"Dyrektor Spo\u0142ecznego Domu Kultury WSM - Pawe\u0142 \u015awi\u0119torecki wr\u0119cza nagrod\u0119 laureatce konkursu\" aria-label=\"Otw\u00f3rz obrazek w Lightboxie\" role=\"button\" class=\"tile-inner modula-item-link\"><\/a>\r\n\t\t\r\n\t\t<img class=\"pic wp-image-22528 lazyload\"  data-valign=\"middle\" data-halign=\"center\" alt=\"Zdj\u0119cie z II \u017boliborskiego Konkursu Recytatorskiego im. Joanny Kulmowej zorganizowanego przez Bibliotek\u0119 Publiczn\u0105 w Dzielnicy \u017boliborz, Spo\u0142eczny Dom Kultury WSM oraz Fundacj\u0119 Joanny i Jana Kulm\u00f3w. Cz\u0142onek Jury wr\u0119cza nagrody i dyplomy na scenie Spo\u0142ecznego Domu Kultury. W tle baner z napisem \u017boliborski Konkurs Recytatorski im. Joanny Kulmowej oraz sztalugi z fragmentami utwor\u00f3w Joanny Kulmowej.\" data-full=\"https:\/\/bpzoliborz.pl\/bpzoliborz\/wp-content\/uploads\/2024\/06\/konkurs-recytatorski-kulmowa-22.06.2024-final-18.jpg\" title=\"konkurs recytatorski kulmowa 22.06.2024 fina\u0142 (18)\" width=\"1080\" height=\"720\" data-src=\"https:\/\/bpzoliborz.pl\/bpzoliborz\/wp-content\/uploads\/2024\/06\/konkurs-recytatorski-kulmowa-22.06.2024-final-18.jpg\" data-caption=\"Dyrektor Spo\u0142ecznego Domu Kultury WSM - Pawe\u0142 \u015awi\u0119torecki wr\u0119cza nagrod\u0119 laureatce konkursu\" data-source=\"modula\" data-srcset=\"https:\/\/bpzoliborz.pl\/bpzoliborz\/wp-content\/uploads\/2024\/06\/konkurs-recytatorski-kulmowa-22.06.2024-final-18.jpg 1080w, https:\/\/bpzoliborz.pl\/bpzoliborz\/wp-content\/uploads\/2024\/06\/konkurs-recytatorski-kulmowa-22.06.2024-final-18-768x512.jpg 768w, https:\/\/bpzoliborz.pl\/bpzoliborz\/wp-content\/uploads\/2024\/06\/konkurs-recytatorski-kulmowa-22.06.2024-final-18-391x260.jpg 391w, https:\/\/bpzoliborz.pl\/bpzoliborz\/wp-content\/uploads\/2024\/06\/konkurs-recytatorski-kulmowa-22.06.2024-final-18-930x620.jpg 930w\" data-sizes=\"(max-width: 1080px) 100vw, 1080px\" \/>\r\n\t\t<div class=\"figc\">\r\n\t\t\t<div class=\"figc-inner\">\r\n\t\t\t\t\t\t\t\t\t\t\t\t\t<p class=\"description\">Dyrektor Spo\u0142ecznego Domu Kultury WSM - Pawe\u0142 \u015awi\u0119torecki wr\u0119cza nagrod\u0119 laureatce konkursu<\/p>\r\n\t\t\t\t\t\t\t\t\t\t\t<\/div>\r\n\t\t<\/div>\r\n\r\n\t<\/div>\r\n\r\n<\/div><div class=\"modula-item effect-pufrobo\" >\r\n\t<div class=\"modula-item-overlay\"><\/div>\r\n\r\n\t<div class=\"modula-item-content\">\r\n\r\n\t\t\t\t\r\n\t\t\t\t\t<a data-image-id=\"22524\" data-elementor-open-lightbox=\"no\" rel=\"jtg-22564\" data-caption=\"Emilia Sentkowska - uczestniczka 3 edycji The Voice Kids z 2020 roku wyst\u0119puje na scenie\" aria-label=\"Otw\u00f3rz obrazek w Lightboxie\" role=\"button\" class=\"tile-inner modula-item-link\"><\/a>\r\n\t\t\r\n\t\t<img class=\"pic wp-image-22524 lazyload\"  data-valign=\"middle\" data-halign=\"center\" alt=\"Zdj\u0119cie z II \u017boliborskiego Konkursu Recytatorskiego im. Joanny Kulmowej zorganizowanego przez Bibliotek\u0119 Publiczn\u0105 w Dzielnicy \u017boliborz, Spo\u0142eczny Dom Kultury WSM oraz Fundacj\u0119 Joanny i Jana Kulm\u00f3w. Wyst\u0119p Emili Sentkowskiej \u015bpiewaj\u0105cej do mikrofonu, w tle baner z napisem \u017boliborski Konkurs Recytatorski im. Joanny Kulmowej oraz sztalugi z fragmentami utwor\u00f3w Joanny Kulmowej.\" data-full=\"https:\/\/bpzoliborz.pl\/bpzoliborz\/wp-content\/uploads\/2024\/06\/konkurs-recytatorski-kulmowa-22.06.2024-final-14.jpg\" title=\"konkurs recytatorski kulmowa 22.06.2024 fina\u0142 (14)\" width=\"1080\" height=\"720\" data-src=\"https:\/\/bpzoliborz.pl\/bpzoliborz\/wp-content\/uploads\/2024\/06\/konkurs-recytatorski-kulmowa-22.06.2024-final-14.jpg\" data-caption=\"Emilia Sentkowska - uczestniczka 3 edycji The Voice Kids z 2020 roku wyst\u0119puje na scenie\" data-source=\"modula\" data-srcset=\"https:\/\/bpzoliborz.pl\/bpzoliborz\/wp-content\/uploads\/2024\/06\/konkurs-recytatorski-kulmowa-22.06.2024-final-14.jpg 1080w, https:\/\/bpzoliborz.pl\/bpzoliborz\/wp-content\/uploads\/2024\/06\/konkurs-recytatorski-kulmowa-22.06.2024-final-14-768x512.jpg 768w, https:\/\/bpzoliborz.pl\/bpzoliborz\/wp-content\/uploads\/2024\/06\/konkurs-recytatorski-kulmowa-22.06.2024-final-14-391x260.jpg 391w, https:\/\/bpzoliborz.pl\/bpzoliborz\/wp-content\/uploads\/2024\/06\/konkurs-recytatorski-kulmowa-22.06.2024-final-14-930x620.jpg 930w\" data-sizes=\"(max-width: 1080px) 100vw, 1080px\" \/>\r\n\t\t<div class=\"figc\">\r\n\t\t\t<div class=\"figc-inner\">\r\n\t\t\t\t\t\t\t\t\t\t\t\t\t<p class=\"description\">Emilia Sentkowska - uczestniczka 3 edycji The Voice Kids z 2020 roku wyst\u0119puje na scenie<\/p>\r\n\t\t\t\t\t\t\t\t\t\t\t<\/div>\r\n\t\t<\/div>\r\n\r\n\t<\/div>\r\n\r\n<\/div><div class=\"modula-item effect-pufrobo\" >\r\n\t<div class=\"modula-item-overlay\"><\/div>\r\n\r\n\t<div class=\"modula-item-content\">\r\n\r\n\t\t\t\t\r\n\t\t\t\t\t<a data-image-id=\"22551\" data-elementor-open-lightbox=\"no\" rel=\"jtg-22564\" data-caption=\"Laureatka konkursu recytuje interpretacj\u0119 wiersza Joanny Kulmowej\" aria-label=\"Otw\u00f3rz obrazek w Lightboxie\" role=\"button\" class=\"tile-inner modula-item-link\"><\/a>\r\n\t\t\r\n\t\t<img class=\"pic wp-image-22551 lazyload\"  data-valign=\"middle\" data-halign=\"center\" alt=\"Zdj\u0119cie z II \u017boliborskiego Konkursu Recytatorskiego im. Joanny Kulmowej zorganizowanego przez Bibliotek\u0119 Publiczn\u0105 w Dzielnicy \u017boliborz, Spo\u0142eczny Dom Kultury WSM oraz Fundacj\u0119 Joanny i Jana Kulm\u00f3w. Cz\u0142onek Jury wr\u0119cza nagrody i dyplomy na scenie Spo\u0142ecznego Domu Kultury. W tle baner z napisem \u017boliborski Konkurs Recytatorski im. Joanny Kulmowej oraz sztalugi z fragmentami utwor\u00f3w Joanny Kulmowej.\" data-full=\"https:\/\/bpzoliborz.pl\/bpzoliborz\/wp-content\/uploads\/2024\/06\/konkurs-recytatorski-kulmowa-22.06.2024-final-40.jpg\" title=\"konkurs recytatorski kulmowa 22.06.2024 fina\u0142 (40)\" width=\"1080\" height=\"720\" data-src=\"https:\/\/bpzoliborz.pl\/bpzoliborz\/wp-content\/uploads\/2024\/06\/konkurs-recytatorski-kulmowa-22.06.2024-final-40.jpg\" data-caption=\"Laureatka konkursu recytuje interpretacj\u0119 wiersza Joanny Kulmowej\" data-source=\"modula\" data-srcset=\"https:\/\/bpzoliborz.pl\/bpzoliborz\/wp-content\/uploads\/2024\/06\/konkurs-recytatorski-kulmowa-22.06.2024-final-40.jpg 1080w, https:\/\/bpzoliborz.pl\/bpzoliborz\/wp-content\/uploads\/2024\/06\/konkurs-recytatorski-kulmowa-22.06.2024-final-40-768x512.jpg 768w, https:\/\/bpzoliborz.pl\/bpzoliborz\/wp-content\/uploads\/2024\/06\/konkurs-recytatorski-kulmowa-22.06.2024-final-40-391x260.jpg 391w, https:\/\/bpzoliborz.pl\/bpzoliborz\/wp-content\/uploads\/2024\/06\/konkurs-recytatorski-kulmowa-22.06.2024-final-40-930x620.jpg 930w\" data-sizes=\"(max-width: 1080px) 100vw, 1080px\" \/>\r\n\t\t<div class=\"figc\">\r\n\t\t\t<div class=\"figc-inner\">\r\n\t\t\t\t\t\t\t\t\t\t\t\t\t<p class=\"description\">Laureatka konkursu recytuje interpretacj\u0119 wiersza Joanny Kulmowej<\/p>\r\n\t\t\t\t\t\t\t\t\t\t\t<\/div>\r\n\t\t<\/div>\r\n\r\n\t<\/div>\r\n\r\n<\/div><div class=\"modula-item effect-pufrobo\" >\r\n\t<div class=\"modula-item-overlay\"><\/div>\r\n\r\n\t<div class=\"modula-item-content\">\r\n\r\n\t\t\t\t\r\n\t\t\t\t\t<a data-image-id=\"22550\" data-elementor-open-lightbox=\"no\" rel=\"jtg-22564\" data-caption=\"Autorka ksi\u0105\u017cek dla dzieci - Dorota Ba\u0142uszy\u0144ska-Srebro wr\u0119cza Nagrody Jury - Nagrod\u0119 Doroty Ba\u0142uszy\u0144skiej-Srebro laureatce konkursu\" aria-label=\"Otw\u00f3rz obrazek w Lightboxie\" role=\"button\" class=\"tile-inner modula-item-link\"><\/a>\r\n\t\t\r\n\t\t<img class=\"pic wp-image-22550 lazyload\"  data-valign=\"middle\" data-halign=\"center\" alt=\"Zdj\u0119cie z II \u017boliborskiego Konkursu Recytatorskiego im. Joanny Kulmowej zorganizowanego przez Bibliotek\u0119 Publiczn\u0105 w Dzielnicy \u017boliborz, Spo\u0142eczny Dom Kultury WSM oraz Fundacj\u0119 Joanny i Jana Kulm\u00f3w. Cz\u0142onek Jury wr\u0119cza nagrody i dyplomy na scenie Spo\u0142ecznego Domu Kultury. W tle baner z napisem \u017boliborski Konkurs Recytatorski im. Joanny Kulmowej oraz sztalugi z fragmentami utwor\u00f3w Joanny Kulmowej.\" data-full=\"https:\/\/bpzoliborz.pl\/bpzoliborz\/wp-content\/uploads\/2024\/06\/konkurs-recytatorski-kulmowa-22.06.2024-final-39.jpg\" title=\"konkurs recytatorski kulmowa 22.06.2024 fina\u0142 (39)\" width=\"1080\" height=\"720\" data-src=\"https:\/\/bpzoliborz.pl\/bpzoliborz\/wp-content\/uploads\/2024\/06\/konkurs-recytatorski-kulmowa-22.06.2024-final-39.jpg\" data-caption=\"Autorka ksi\u0105\u017cek dla dzieci - Dorota Ba\u0142uszy\u0144ska-Srebro wr\u0119cza Nagrody Jury - Nagrod\u0119 Doroty Ba\u0142uszy\u0144skiej-Srebro laureatce konkursu\" data-source=\"modula\" data-srcset=\"https:\/\/bpzoliborz.pl\/bpzoliborz\/wp-content\/uploads\/2024\/06\/konkurs-recytatorski-kulmowa-22.06.2024-final-39.jpg 1080w, https:\/\/bpzoliborz.pl\/bpzoliborz\/wp-content\/uploads\/2024\/06\/konkurs-recytatorski-kulmowa-22.06.2024-final-39-768x512.jpg 768w, https:\/\/bpzoliborz.pl\/bpzoliborz\/wp-content\/uploads\/2024\/06\/konkurs-recytatorski-kulmowa-22.06.2024-final-39-391x260.jpg 391w, https:\/\/bpzoliborz.pl\/bpzoliborz\/wp-content\/uploads\/2024\/06\/konkurs-recytatorski-kulmowa-22.06.2024-final-39-930x620.jpg 930w\" data-sizes=\"(max-width: 1080px) 100vw, 1080px\" \/>\r\n\t\t<div class=\"figc\">\r\n\t\t\t<div class=\"figc-inner\">\r\n\t\t\t\t\t\t\t\t\t\t\t\t\t<p class=\"description\">Autorka ksi\u0105\u017cek dla dzieci - Dorota Ba\u0142uszy\u0144ska-Srebro wr\u0119cza Nagrody Jury - Nagrod\u0119 Doroty Ba\u0142uszy\u0144skiej-Srebro laureatce konkursu<\/p>\r\n\t\t\t\t\t\t\t\t\t\t\t<\/div>\r\n\t\t<\/div>\r\n\r\n\t<\/div>\r\n\r\n<\/div><div class=\"modula-item effect-pufrobo\" >\r\n\t<div class=\"modula-item-overlay\"><\/div>\r\n\r\n\t<div class=\"modula-item-content\">\r\n\r\n\t\t\t\t\r\n\t\t\t\t\t<a data-image-id=\"22529\" data-elementor-open-lightbox=\"no\" rel=\"jtg-22564\" data-caption=\"Dyrektor Spo\u0142ecznego Domu Kultury WSM - Pawe\u0142 \u015awi\u0119torecki oraz Dyrektor Biblioteki Publicznej w Dzielnicy \u017boliborz wr\u0119czaj\u0105 nagrod\u0119 laureatowi konkursu\" aria-label=\"Otw\u00f3rz obrazek w Lightboxie\" role=\"button\" class=\"tile-inner modula-item-link\"><\/a>\r\n\t\t\r\n\t\t<img class=\"pic wp-image-22529 lazyload\"  data-valign=\"middle\" data-halign=\"center\" alt=\"Zdj\u0119cie z II \u017boliborskiego Konkursu Recytatorskiego im. Joanny Kulmowej zorganizowanego przez Bibliotek\u0119 Publiczn\u0105 w Dzielnicy \u017boliborz, Spo\u0142eczny Dom Kultury WSM oraz Fundacj\u0119 Joanny i Jana Kulm\u00f3w. Cz\u0142onek Jury wr\u0119cza nagrody i dyplomy na scenie Spo\u0142ecznego Domu Kultury. W tle Dyrektor Spo\u0142ecznego Domu Kultury WSM oraz baner z napisem \u017boliborski Konkurs Recytatorski im. Joanny Kulmowej oraz sztalugi z fragmentami utwor\u00f3w Joanny Kulmowej.\" data-full=\"https:\/\/bpzoliborz.pl\/bpzoliborz\/wp-content\/uploads\/2024\/06\/konkurs-recytatorski-kulmowa-22.06.2024-final-19.jpg\" title=\"konkurs recytatorski kulmowa 22.06.2024 fina\u0142 (19)\" width=\"1080\" height=\"720\" data-src=\"https:\/\/bpzoliborz.pl\/bpzoliborz\/wp-content\/uploads\/2024\/06\/konkurs-recytatorski-kulmowa-22.06.2024-final-19.jpg\" data-caption=\"Dyrektor Spo\u0142ecznego Domu Kultury WSM - Pawe\u0142 \u015awi\u0119torecki oraz Dyrektor Biblioteki Publicznej w Dzielnicy \u017boliborz wr\u0119czaj\u0105 nagrod\u0119 laureatowi konkursu\" data-source=\"modula\" data-srcset=\"https:\/\/bpzoliborz.pl\/bpzoliborz\/wp-content\/uploads\/2024\/06\/konkurs-recytatorski-kulmowa-22.06.2024-final-19.jpg 1080w, https:\/\/bpzoliborz.pl\/bpzoliborz\/wp-content\/uploads\/2024\/06\/konkurs-recytatorski-kulmowa-22.06.2024-final-19-768x512.jpg 768w, https:\/\/bpzoliborz.pl\/bpzoliborz\/wp-content\/uploads\/2024\/06\/konkurs-recytatorski-kulmowa-22.06.2024-final-19-391x260.jpg 391w, https:\/\/bpzoliborz.pl\/bpzoliborz\/wp-content\/uploads\/2024\/06\/konkurs-recytatorski-kulmowa-22.06.2024-final-19-930x620.jpg 930w\" data-sizes=\"(max-width: 1080px) 100vw, 1080px\" \/>\r\n\t\t<div class=\"figc\">\r\n\t\t\t<div class=\"figc-inner\">\r\n\t\t\t\t\t\t\t\t\t\t\t\t\t<p class=\"description\">Dyrektor Spo\u0142ecznego Domu Kultury WSM - Pawe\u0142 \u015awi\u0119torecki oraz Dyrektor Biblioteki Publicznej w Dzielnicy \u017boliborz wr\u0119czaj\u0105 nagrod\u0119 laureatowi konkursu<\/p>\r\n\t\t\t\t\t\t\t\t\t\t\t<\/div>\r\n\t\t<\/div>\r\n\r\n\t<\/div>\r\n\r\n<\/div><div class=\"modula-item effect-pufrobo\" >\r\n\t<div class=\"modula-item-overlay\"><\/div>\r\n\r\n\t<div class=\"modula-item-content\">\r\n\r\n\t\t\t\t\r\n\t\t\t\t\t<a data-image-id=\"22539\" data-elementor-open-lightbox=\"no\" rel=\"jtg-22564\" data-caption=\"Artystka - Monika Beszterda wr\u0119cza nagrody i pami\u0105tkowe wianki laureatkom konkursu\" aria-label=\"Otw\u00f3rz obrazek w Lightboxie\" role=\"button\" class=\"tile-inner modula-item-link\"><\/a>\r\n\t\t\r\n\t\t<img class=\"pic wp-image-22539 lazyload\"  data-valign=\"middle\" data-halign=\"center\" alt=\"Zdj\u0119cie z II \u017boliborskiego Konkursu Recytatorskiego im. Joanny Kulmowej zorganizowanego przez Bibliotek\u0119 Publiczn\u0105 w Dzielnicy \u017boliborz, Spo\u0142eczny Dom Kultury WSM oraz Fundacj\u0119 Joanny i Jana Kulm\u00f3w. Cz\u0142onek Jury wr\u0119cza nagrody i dyplomy na scenie Spo\u0142ecznego Domu Kultury. W tle baner z napisem \u017boliborski Konkurs Recytatorski im. Joanny Kulmowej oraz sztalugi z fragmentami utwor\u00f3w Joanny Kulmowej.\" data-full=\"https:\/\/bpzoliborz.pl\/bpzoliborz\/wp-content\/uploads\/2024\/06\/konkurs-recytatorski-kulmowa-22.06.2024-final-29.jpg\" title=\"konkurs recytatorski kulmowa 22.06.2024 fina\u0142 (29)\" width=\"1080\" height=\"720\" data-src=\"https:\/\/bpzoliborz.pl\/bpzoliborz\/wp-content\/uploads\/2024\/06\/konkurs-recytatorski-kulmowa-22.06.2024-final-29.jpg\" data-caption=\"Artystka - Monika Beszterda wr\u0119cza nagrody i pami\u0105tkowe wianki laureatkom konkursu\" data-source=\"modula\" data-srcset=\"https:\/\/bpzoliborz.pl\/bpzoliborz\/wp-content\/uploads\/2024\/06\/konkurs-recytatorski-kulmowa-22.06.2024-final-29.jpg 1080w, https:\/\/bpzoliborz.pl\/bpzoliborz\/wp-content\/uploads\/2024\/06\/konkurs-recytatorski-kulmowa-22.06.2024-final-29-768x512.jpg 768w, https:\/\/bpzoliborz.pl\/bpzoliborz\/wp-content\/uploads\/2024\/06\/konkurs-recytatorski-kulmowa-22.06.2024-final-29-391x260.jpg 391w, https:\/\/bpzoliborz.pl\/bpzoliborz\/wp-content\/uploads\/2024\/06\/konkurs-recytatorski-kulmowa-22.06.2024-final-29-930x620.jpg 930w\" data-sizes=\"(max-width: 1080px) 100vw, 1080px\" \/>\r\n\t\t<div class=\"figc\">\r\n\t\t\t<div class=\"figc-inner\">\r\n\t\t\t\t\t\t\t\t\t\t\t\t\t<p class=\"description\">Artystka - Monika Beszterda wr\u0119cza nagrody i pami\u0105tkowe wianki laureatkom konkursu<\/p>\r\n\t\t\t\t\t\t\t\t\t\t\t<\/div>\r\n\t\t<\/div>\r\n\r\n\t<\/div>\r\n\r\n<\/div><div class=\"modula-item effect-pufrobo\" >\r\n\t<div class=\"modula-item-overlay\"><\/div>\r\n\r\n\t<div class=\"modula-item-content\">\r\n\r\n\t\t\t\t\r\n\t\t\t\t\t<a data-image-id=\"22540\" data-elementor-open-lightbox=\"no\" rel=\"jtg-22564\" data-caption=\"Wyst\u0119p artyst\u00f3w z Teatru WaWa: &quot;Poezja Joanny Kulmowej w muzycznej ods\u0142onie\u201d w wykonaniu Magdy Ku\u015bnierz i Marka Komarnickiego do muzyki Tomasza Czekalskiego\" aria-label=\"Otw\u00f3rz obrazek w Lightboxie\" role=\"button\" class=\"tile-inner modula-item-link\"><\/a>\r\n\t\t\r\n\t\t<img class=\"pic wp-image-22540 lazyload\"  data-valign=\"middle\" data-halign=\"center\" alt=\"Zdj\u0119cie z II \u017boliborskiego Konkursu Recytatorskiego im. Joanny Kulmowej zorganizowanego przez Bibliotek\u0119 Publiczn\u0105 w Dzielnicy \u017boliborz, Spo\u0142eczny Dom Kultury WSM oraz Fundacj\u0119 Joanny i Jana Kulm\u00f3w. Widok na publiczno\u015b\u0107 siedz\u0105c\u0105 przed scen\u0105 Spo\u0142ecznego Domu Kultury. W tle arty\u015bci wyst\u0119pujacy na scenie oraz baner z napisem \u017boliborski Konkurs Recytatorski im. Joanny Kulmowej oraz sztalugi z fragmentami utwor\u00f3w Joanny Kulmowej oraz rollupem Biblioteki \u017boliborskiej z napisem Biblioteka Publiczna w Dzielnicy \u017boliborz.\" data-full=\"https:\/\/bpzoliborz.pl\/bpzoliborz\/wp-content\/uploads\/2024\/06\/konkurs-recytatorski-kulmowa-22.06.2024-final-30.jpg\" title=\"konkurs recytatorski kulmowa 22.06.2024 fina\u0142 (30)\" width=\"1080\" height=\"720\" data-src=\"https:\/\/bpzoliborz.pl\/bpzoliborz\/wp-content\/uploads\/2024\/06\/konkurs-recytatorski-kulmowa-22.06.2024-final-30.jpg\" data-caption=\"Wyst\u0119p artyst\u00f3w z Teatru WaWa: &quot;Poezja Joanny Kulmowej w muzycznej ods\u0142onie\u201d w wykonaniu Magdy Ku\u015bnierz i Marka Komarnickiego do muzyki Tomasza Czekalskiego\" data-source=\"modula\" data-srcset=\"https:\/\/bpzoliborz.pl\/bpzoliborz\/wp-content\/uploads\/2024\/06\/konkurs-recytatorski-kulmowa-22.06.2024-final-30.jpg 1080w, https:\/\/bpzoliborz.pl\/bpzoliborz\/wp-content\/uploads\/2024\/06\/konkurs-recytatorski-kulmowa-22.06.2024-final-30-768x512.jpg 768w, https:\/\/bpzoliborz.pl\/bpzoliborz\/wp-content\/uploads\/2024\/06\/konkurs-recytatorski-kulmowa-22.06.2024-final-30-391x260.jpg 391w, https:\/\/bpzoliborz.pl\/bpzoliborz\/wp-content\/uploads\/2024\/06\/konkurs-recytatorski-kulmowa-22.06.2024-final-30-930x620.jpg 930w\" data-sizes=\"(max-width: 1080px) 100vw, 1080px\" \/>\r\n\t\t<div class=\"figc\">\r\n\t\t\t<div class=\"figc-inner\">\r\n\t\t\t\t\t\t\t\t\t\t\t\t\t<p class=\"description\">Wyst\u0119p artyst\u00f3w z Teatru WaWa: \"Poezja Joanny Kulmowej w muzycznej ods\u0142onie\u201d w wykonaniu Magdy Ku\u015bnierz i Marka Komarnickiego do muzyki Tomasza Czekalskiego<\/p>\r\n\t\t\t\t\t\t\t\t\t\t\t<\/div>\r\n\t\t<\/div>\r\n\r\n\t<\/div>\r\n\r\n<\/div><div class=\"modula-item effect-pufrobo\" >\r\n\t<div class=\"modula-item-overlay\"><\/div>\r\n\r\n\t<div class=\"modula-item-content\">\r\n\r\n\t\t\t\t\r\n\t\t\t\t\t<a data-image-id=\"22544\" data-elementor-open-lightbox=\"no\" rel=\"jtg-22564\" data-caption=\"Wsp\u00f3lny wyst\u0119p artyst\u00f3w z Teatru WaWa z laureatami konkursu\" aria-label=\"Otw\u00f3rz obrazek w Lightboxie\" role=\"button\" class=\"tile-inner modula-item-link\"><\/a>\r\n\t\t\r\n\t\t<img class=\"pic wp-image-22544 lazyload\"  data-valign=\"middle\" data-halign=\"center\" alt=\"Zdj\u0119cie z II \u017boliborskiego Konkursu Recytatorskiego im. Joanny Kulmowej zorganizowanego przez Bibliotek\u0119 Publiczn\u0105 w Dzielnicy \u017boliborz, Spo\u0142eczny Dom Kultury WSM oraz Fundacj\u0119 Joanny i Jana Kulm\u00f3w. Arty\u015bci wyst\u0119puj\u0105cy na scenie Spo\u0142ecznego Domu Kultury \u015bpiewaj\u0105 z laureatami konkursu przy mikrofonach. W tle baner z napisem \u017boliborski Konkurs Recytatorski im. Joanny Kulmowej oraz sztalugi z fragmentami utwor\u00f3w Joanny Kulmowej.\" data-full=\"https:\/\/bpzoliborz.pl\/bpzoliborz\/wp-content\/uploads\/2024\/06\/konkurs-recytatorski-kulmowa-22.06.2024-final-34.jpg\" title=\"konkurs recytatorski kulmowa 22.06.2024 fina\u0142 (34)\" width=\"1080\" height=\"720\" data-src=\"https:\/\/bpzoliborz.pl\/bpzoliborz\/wp-content\/uploads\/2024\/06\/konkurs-recytatorski-kulmowa-22.06.2024-final-34.jpg\" data-caption=\"Wsp\u00f3lny wyst\u0119p artyst\u00f3w z Teatru WaWa z laureatami konkursu\" data-source=\"modula\" data-srcset=\"https:\/\/bpzoliborz.pl\/bpzoliborz\/wp-content\/uploads\/2024\/06\/konkurs-recytatorski-kulmowa-22.06.2024-final-34.jpg 1080w, https:\/\/bpzoliborz.pl\/bpzoliborz\/wp-content\/uploads\/2024\/06\/konkurs-recytatorski-kulmowa-22.06.2024-final-34-768x512.jpg 768w, https:\/\/bpzoliborz.pl\/bpzoliborz\/wp-content\/uploads\/2024\/06\/konkurs-recytatorski-kulmowa-22.06.2024-final-34-391x260.jpg 391w, https:\/\/bpzoliborz.pl\/bpzoliborz\/wp-content\/uploads\/2024\/06\/konkurs-recytatorski-kulmowa-22.06.2024-final-34-930x620.jpg 930w\" data-sizes=\"(max-width: 1080px) 100vw, 1080px\" \/>\r\n\t\t<div class=\"figc\">\r\n\t\t\t<div class=\"figc-inner\">\r\n\t\t\t\t\t\t\t\t\t\t\t\t\t<p class=\"description\">Wsp\u00f3lny wyst\u0119p artyst\u00f3w z Teatru WaWa z laureatami konkursu<\/p>\r\n\t\t\t\t\t\t\t\t\t\t\t<\/div>\r\n\t\t<\/div>\r\n\r\n\t<\/div>\r\n\r\n<\/div><div class=\"modula-item effect-pufrobo\" >\r\n\t<div class=\"modula-item-overlay\"><\/div>\r\n\r\n\t<div class=\"modula-item-content\">\r\n\r\n\t\t\t\t\r\n\t\t\t\t\t<a data-image-id=\"22523\" data-elementor-open-lightbox=\"no\" rel=\"jtg-22564\" data-caption=\"Dyrektor Spo\u0142ecznego Domu Kultury Warszawskiej Sp\u00f3\u0142dzielni Mieszkaniowej - Pawe\u0142 \u015awi\u0119torecki oraz Dyrektor Biblioteki Publicznej w Dzielnicy \u017boliborz m.st. Warszawy - Ma\u0142gorzata Kocot przemawiaj\u0105 na koniec koncertu laureat\u00f3w II \u017boliborskiego Konkursu Recytatorskiego im. Joanny Kulmowej\" aria-label=\"Otw\u00f3rz obrazek w Lightboxie\" role=\"button\" class=\"tile-inner modula-item-link\"><\/a>\r\n\t\t\r\n\t\t<img class=\"pic wp-image-22523 lazyload\"  data-valign=\"middle\" data-halign=\"center\" alt=\"Zdj\u0119cie z II \u017boliborskiego Konkursu Recytatorskiego im. Joanny Kulmowej zorganizowanego przez Bibliotek\u0119 Publiczn\u0105 w Dzielnicy \u017boliborz, Spo\u0142eczny Dom Kultury WSM oraz Fundacj\u0119 Joanny i Jana Kulm\u00f3w. Dyrektor Spo\u0142ecznego Domu Kultury WSM oraz Biblioteki \u017boliborskiej przemawiaj\u0105 na scenie Spo\u0142ecznego DOmu Kultury, w tle baner z napisem \u017boliborski Konkurs Recytatorski im. Joanny Kulmowej oraz sztalugi z fragmentami utwor\u00f3w Joanny Kulmowej.\" data-full=\"https:\/\/bpzoliborz.pl\/bpzoliborz\/wp-content\/uploads\/2024\/06\/konkurs-recytatorski-kulmowa-22.06.2024-final-13.jpg\" title=\"konkurs recytatorski kulmowa 22.06.2024 fina\u0142 (13)\" width=\"1080\" height=\"720\" data-src=\"https:\/\/bpzoliborz.pl\/bpzoliborz\/wp-content\/uploads\/2024\/06\/konkurs-recytatorski-kulmowa-22.06.2024-final-13.jpg\" data-caption=\"Dyrektor Spo\u0142ecznego Domu Kultury Warszawskiej Sp\u00f3\u0142dzielni Mieszkaniowej - Pawe\u0142 \u015awi\u0119torecki oraz Dyrektor Biblioteki Publicznej w Dzielnicy \u017boliborz m.st. Warszawy - Ma\u0142gorzata Kocot przemawiaj\u0105 na koniec koncertu laureat\u00f3w II \u017boliborskiego Konkursu Recytatorskiego im. Joanny Kulmowej\" data-source=\"modula\" data-srcset=\"https:\/\/bpzoliborz.pl\/bpzoliborz\/wp-content\/uploads\/2024\/06\/konkurs-recytatorski-kulmowa-22.06.2024-final-13.jpg 1080w, https:\/\/bpzoliborz.pl\/bpzoliborz\/wp-content\/uploads\/2024\/06\/konkurs-recytatorski-kulmowa-22.06.2024-final-13-768x512.jpg 768w, https:\/\/bpzoliborz.pl\/bpzoliborz\/wp-content\/uploads\/2024\/06\/konkurs-recytatorski-kulmowa-22.06.2024-final-13-391x260.jpg 391w, https:\/\/bpzoliborz.pl\/bpzoliborz\/wp-content\/uploads\/2024\/06\/konkurs-recytatorski-kulmowa-22.06.2024-final-13-930x620.jpg 930w\" data-sizes=\"(max-width: 1080px) 100vw, 1080px\" \/>\r\n\t\t<div class=\"figc\">\r\n\t\t\t<div class=\"figc-inner\">\r\n\t\t\t\t\t\t\t\t\t\t\t\t\t<p class=\"description\">Dyrektor Spo\u0142ecznego Domu Kultury Warszawskiej Sp\u00f3\u0142dzielni Mieszkaniowej - Pawe\u0142 \u015awi\u0119torecki oraz Dyrektor Biblioteki Publicznej w Dzielnicy \u017boliborz m.st. Warszawy - Ma\u0142gorzata Kocot przemawiaj\u0105 na koniec koncertu laureat\u00f3w II \u017boliborskiego Konkursu Recytatorskiego im. Joanny Kulmowej<\/p>\r\n\t\t\t\t\t\t\t\t\t\t\t<\/div>\r\n\t\t<\/div>\r\n\r\n\t<\/div>\r\n\r\n<\/div><div class=\"modula-item effect-pufrobo\" >\r\n\t<div class=\"modula-item-overlay\"><\/div>\r\n\r\n\t<div class=\"modula-item-content\">\r\n\r\n\t\t\t\t\r\n\t\t\t\t\t<a data-image-id=\"22541\" data-elementor-open-lightbox=\"no\" rel=\"jtg-22564\" data-caption=\"Pami\u0105tkowy tort ufundowany przez Rad\u0119 Miasta Szczecin\" aria-label=\"Otw\u00f3rz obrazek w Lightboxie\" role=\"button\" class=\"tile-inner modula-item-link\"><\/a>\r\n\t\t\r\n\t\t<img class=\"pic wp-image-22541 lazyload\"  data-valign=\"middle\" data-halign=\"center\" alt=\"Zdj\u0119cie z II \u017boliborskiego Konkursu Recytatorskiego im. Joanny Kulmowej zorganizowanego przez Bibliotek\u0119 Publiczn\u0105 w Dzielnicy \u017boliborz, Spo\u0142eczny Dom Kultury WSM oraz Fundacj\u0119 Joanny i Jana Kulm\u00f3w. Tort w pude\u0142ku dla uczestnik\u00f3w spotkania z napisem: Gratulacje od Rady Miasta Szczecin.\" data-full=\"https:\/\/bpzoliborz.pl\/bpzoliborz\/wp-content\/uploads\/2024\/06\/konkurs-recytatorski-kulmowa-22.06.2024-final-31.jpg\" title=\"konkurs recytatorski kulmowa 22.06.2024 fina\u0142 (31)\" width=\"1080\" height=\"720\" data-src=\"https:\/\/bpzoliborz.pl\/bpzoliborz\/wp-content\/uploads\/2024\/06\/konkurs-recytatorski-kulmowa-22.06.2024-final-31.jpg\" data-caption=\"Pami\u0105tkowy tort ufundowany przez Rad\u0119 Miasta Szczecin\" data-source=\"modula\" data-srcset=\"https:\/\/bpzoliborz.pl\/bpzoliborz\/wp-content\/uploads\/2024\/06\/konkurs-recytatorski-kulmowa-22.06.2024-final-31.jpg 1080w, https:\/\/bpzoliborz.pl\/bpzoliborz\/wp-content\/uploads\/2024\/06\/konkurs-recytatorski-kulmowa-22.06.2024-final-31-768x512.jpg 768w, https:\/\/bpzoliborz.pl\/bpzoliborz\/wp-content\/uploads\/2024\/06\/konkurs-recytatorski-kulmowa-22.06.2024-final-31-391x260.jpg 391w, https:\/\/bpzoliborz.pl\/bpzoliborz\/wp-content\/uploads\/2024\/06\/konkurs-recytatorski-kulmowa-22.06.2024-final-31-930x620.jpg 930w\" data-sizes=\"(max-width: 1080px) 100vw, 1080px\" \/>\r\n\t\t<div class=\"figc\">\r\n\t\t\t<div class=\"figc-inner\">\r\n\t\t\t\t\t\t\t\t\t\t\t\t\t<p class=\"description\">Pami\u0105tkowy tort ufundowany przez Rad\u0119 Miasta Szczecin<\/p>\r\n\t\t\t\t\t\t\t\t\t\t\t<\/div>\r\n\t\t<\/div>\r\n\r\n\t<\/div>\r\n\r\n<\/div><div class=\"modula-item effect-pufrobo\" >\r\n\t<div class=\"modula-item-overlay\"><\/div>\r\n\r\n\t<div class=\"modula-item-content\">\r\n\r\n\t\t\t\t\r\n\t\t\t\t\t<a data-image-id=\"22542\" data-elementor-open-lightbox=\"no\" rel=\"jtg-22564\" data-caption=\"Publiczno\u015b\u0107: organizatorzy, cz\u0142onkowie jury oraz go\u015bcie i laureaci zgromadzeni pod scen\u0105\" aria-label=\"Otw\u00f3rz obrazek w Lightboxie\" role=\"button\" class=\"tile-inner modula-item-link\"><\/a>\r\n\t\t\r\n\t\t<img class=\"pic wp-image-22542 lazyload\"  data-valign=\"middle\" data-halign=\"center\" alt=\"Zdj\u0119cie z II \u017boliborskiego Konkursu Recytatorskiego im. Joanny Kulmowej zorganizowanego przez Bibliotek\u0119 Publiczn\u0105 w Dzielnicy \u017boliborz, Spo\u0142eczny Dom Kultury WSM oraz Fundacj\u0119 Joanny i Jana Kulm\u00f3w. Widok na publiczno\u015b\u0107 siedz\u0105c\u0105 przed scen\u0105 Spo\u0142ecznego Domu Kultury. W tle zas\u0142oniet\u0119 okna.\" data-full=\"https:\/\/bpzoliborz.pl\/bpzoliborz\/wp-content\/uploads\/2024\/06\/konkurs-recytatorski-kulmowa-22.06.2024-final-32.jpg\" title=\"konkurs recytatorski kulmowa 22.06.2024 fina\u0142 (32)\" width=\"1080\" height=\"720\" data-src=\"https:\/\/bpzoliborz.pl\/bpzoliborz\/wp-content\/uploads\/2024\/06\/konkurs-recytatorski-kulmowa-22.06.2024-final-32.jpg\" data-caption=\"Publiczno\u015b\u0107: organizatorzy, cz\u0142onkowie jury oraz go\u015bcie i laureaci zgromadzeni pod scen\u0105\" data-source=\"modula\" data-srcset=\"https:\/\/bpzoliborz.pl\/bpzoliborz\/wp-content\/uploads\/2024\/06\/konkurs-recytatorski-kulmowa-22.06.2024-final-32.jpg 1080w, https:\/\/bpzoliborz.pl\/bpzoliborz\/wp-content\/uploads\/2024\/06\/konkurs-recytatorski-kulmowa-22.06.2024-final-32-768x512.jpg 768w, https:\/\/bpzoliborz.pl\/bpzoliborz\/wp-content\/uploads\/2024\/06\/konkurs-recytatorski-kulmowa-22.06.2024-final-32-391x260.jpg 391w, https:\/\/bpzoliborz.pl\/bpzoliborz\/wp-content\/uploads\/2024\/06\/konkurs-recytatorski-kulmowa-22.06.2024-final-32-930x620.jpg 930w\" data-sizes=\"(max-width: 1080px) 100vw, 1080px\" \/>\r\n\t\t<div class=\"figc\">\r\n\t\t\t<div class=\"figc-inner\">\r\n\t\t\t\t\t\t\t\t\t\t\t\t\t<p class=\"description\">Publiczno\u015b\u0107: organizatorzy, cz\u0142onkowie jury oraz go\u015bcie i laureaci zgromadzeni pod scen\u0105<\/p>\r\n\t\t\t\t\t\t\t\t\t\t\t<\/div>\r\n\t\t<\/div>\r\n\r\n\t<\/div>\r\n\r\n<\/div><div class=\"modula-item effect-pufrobo\" >\r\n\t<div class=\"modula-item-overlay\"><\/div>\r\n\r\n\t<div class=\"modula-item-content\">\r\n\r\n\t\t\t\t\r\n\t\t\t\t\t<a data-image-id=\"22543\" data-elementor-open-lightbox=\"no\" rel=\"jtg-22564\" data-caption=\"Kurator Izby Pami\u0119ci Marii Kownackiej na \u017boliborzu - Anna Gruszczy\u0144ska oraz kuzynka Jana Kulmy - Monika Wellman\" aria-label=\"Otw\u00f3rz obrazek w Lightboxie\" role=\"button\" class=\"tile-inner modula-item-link\"><\/a>\r\n\t\t\r\n\t\t<img class=\"pic wp-image-22543 lazyload\"  data-valign=\"middle\" data-halign=\"center\" alt=\"Zdj\u0119cie z II \u017boliborskiego Konkursu Recytatorskiego im. Joanny Kulmowej zorganizowanego przez Bibliotek\u0119 Publiczn\u0105 w Dzielnicy \u017boliborz, Spo\u0142eczny Dom Kultury WSM oraz Fundacj\u0119 Joanny i Jana Kulm\u00f3w. Widok na publiczno\u015b\u0107 siedz\u0105c\u0105 przed scen\u0105 Spo\u0142ecznego Domu Kultury.\" data-full=\"https:\/\/bpzoliborz.pl\/bpzoliborz\/wp-content\/uploads\/2024\/06\/konkurs-recytatorski-kulmowa-22.06.2024-final-33.jpg\" title=\"konkurs recytatorski kulmowa 22.06.2024 fina\u0142 (33)\" width=\"1080\" height=\"720\" data-src=\"https:\/\/bpzoliborz.pl\/bpzoliborz\/wp-content\/uploads\/2024\/06\/konkurs-recytatorski-kulmowa-22.06.2024-final-33.jpg\" data-caption=\"Kurator Izby Pami\u0119ci Marii Kownackiej na \u017boliborzu - Anna Gruszczy\u0144ska oraz kuzynka Jana Kulmy - Monika Wellman\" data-source=\"modula\" data-srcset=\"https:\/\/bpzoliborz.pl\/bpzoliborz\/wp-content\/uploads\/2024\/06\/konkurs-recytatorski-kulmowa-22.06.2024-final-33.jpg 1080w, https:\/\/bpzoliborz.pl\/bpzoliborz\/wp-content\/uploads\/2024\/06\/konkurs-recytatorski-kulmowa-22.06.2024-final-33-768x512.jpg 768w, https:\/\/bpzoliborz.pl\/bpzoliborz\/wp-content\/uploads\/2024\/06\/konkurs-recytatorski-kulmowa-22.06.2024-final-33-391x260.jpg 391w, https:\/\/bpzoliborz.pl\/bpzoliborz\/wp-content\/uploads\/2024\/06\/konkurs-recytatorski-kulmowa-22.06.2024-final-33-930x620.jpg 930w\" data-sizes=\"(max-width: 1080px) 100vw, 1080px\" \/>\r\n\t\t<div class=\"figc\">\r\n\t\t\t<div class=\"figc-inner\">\r\n\t\t\t\t\t\t\t\t\t\t\t\t\t<p class=\"description\">Kurator Izby Pami\u0119ci Marii Kownackiej na \u017boliborzu - Anna Gruszczy\u0144ska oraz kuzynka Jana Kulmy - Monika Wellman<\/p>\r\n\t\t\t\t\t\t\t\t\t\t\t<\/div>\r\n\t\t<\/div>\r\n\r\n\t<\/div>\r\n\r\n<\/div><div class=\"modula-item effect-pufrobo\" >\r\n\t<div class=\"modula-item-overlay\"><\/div>\r\n\r\n\t<div class=\"modula-item-content\">\r\n\r\n\t\t\t\t\r\n\t\t\t\t\t<a data-image-id=\"22665\" data-elementor-open-lightbox=\"no\" rel=\"jtg-22564\" data-caption=\"Bibliotekarka cz\u0119stuje go\u015bci pami\u0105tkowymi ciasteczkami ufundowanymi przez Bibliotek\u0119 Publiczn\u0105 w Dzielnicy \u017boliborz m.st. Warszawy\" aria-label=\"Otw\u00f3rz obrazek w Lightboxie\" role=\"button\" class=\"tile-inner modula-item-link\"><\/a>\r\n\t\t\r\n\t\t<img class=\"pic wp-image-22665 lazyload\"  data-valign=\"middle\" data-halign=\"center\" alt=\"Zdj\u0119cie z II \u017boliborskiego Konkursu Recytatorskiego im. Joanny Kulmowej zorganizowanego przez Bibliotek\u0119 Publiczn\u0105 w Dzielnicy \u017boliborz, Spo\u0142eczny Dom Kultury WSM oraz Fundacj\u0119 Joanny i Jana Kulm\u00f3w. Widok na publiczno\u015b\u0107 siedz\u0105c\u0105 przed scen\u0105 Spo\u0142ecznego Domu Kultury podczas rozdawania pami\u0105tkowych ciasteczek z logiem Biblioteki.\" data-full=\"https:\/\/bpzoliborz.pl\/bpzoliborz\/wp-content\/uploads\/2024\/06\/IMG_5242.jpg\" title=\"konkurs recytatorski kulmowa 22.06.2024 fina\u0142 (41)\" width=\"1080\" height=\"720\" data-src=\"https:\/\/bpzoliborz.pl\/bpzoliborz\/wp-content\/uploads\/2024\/06\/IMG_5242-scaled-e1719840998294.jpg\" data-caption=\"Bibliotekarka cz\u0119stuje go\u015bci pami\u0105tkowymi ciasteczkami ufundowanymi przez Bibliotek\u0119 Publiczn\u0105 w Dzielnicy \u017boliborz m.st. Warszawy\" data-source=\"modula\"\/>\r\n\t\t<div class=\"figc\">\r\n\t\t\t<div class=\"figc-inner\">\r\n\t\t\t\t\t\t\t\t\t\t\t\t\t<p class=\"description\">Bibliotekarka cz\u0119stuje go\u015bci pami\u0105tkowymi ciasteczkami ufundowanymi przez Bibliotek\u0119 Publiczn\u0105 w Dzielnicy \u017boliborz m.st. Warszawy<\/p>\r\n\t\t\t\t\t\t\t\t\t\t\t<\/div>\r\n\t\t<\/div>\r\n\r\n\t<\/div>\r\n\r\n<\/div><div class=\"modula-item effect-pufrobo\" >\r\n\t<div class=\"modula-item-overlay\"><\/div>\r\n\r\n\t<div class=\"modula-item-content\">\r\n\r\n\t\t\t\t\r\n\t\t\t\t\t<a data-image-id=\"22545\" data-elementor-open-lightbox=\"no\" rel=\"jtg-22564\" data-caption=\"Bibliotekarze cz\u0119stuj\u0105 go\u015bci pami\u0105tkowymi ciasteczkami ufundowanymi przez Bibliotek\u0119 Publiczn\u0105 w Dzielnicy \u017boliborz m.st. Warszawy\" aria-label=\"Otw\u00f3rz obrazek w Lightboxie\" role=\"button\" class=\"tile-inner modula-item-link\"><\/a>\r\n\t\t\r\n\t\t<img class=\"pic wp-image-22545 lazyload\"  data-valign=\"middle\" data-halign=\"center\" alt=\"Zdj\u0119cie z II \u017boliborskiego Konkursu Recytatorskiego im. Joanny Kulmowej zorganizowanego przez Bibliotek\u0119 Publiczn\u0105 w Dzielnicy \u017boliborz, Spo\u0142eczny Dom Kultury WSM oraz Fundacj\u0119 Joanny i Jana Kulm\u00f3w. Widok na publiczno\u015b\u0107 siedz\u0105c\u0105 przed scen\u0105 Spo\u0142ecznego Domu Kultury podczas rozdawania pami\u0105tkowych ciasteczek z logiem Biblioteki.\" data-full=\"https:\/\/bpzoliborz.pl\/bpzoliborz\/wp-content\/uploads\/2024\/06\/konkurs-recytatorski-kulmowa-22.06.2024-final-35.jpg\" title=\"konkurs recytatorski kulmowa 22.06.2024 fina\u0142 (35)\" width=\"1080\" height=\"720\" data-src=\"https:\/\/bpzoliborz.pl\/bpzoliborz\/wp-content\/uploads\/2024\/06\/konkurs-recytatorski-kulmowa-22.06.2024-final-35.jpg\" data-caption=\"Bibliotekarze cz\u0119stuj\u0105 go\u015bci pami\u0105tkowymi ciasteczkami ufundowanymi przez Bibliotek\u0119 Publiczn\u0105 w Dzielnicy \u017boliborz m.st. Warszawy\" data-source=\"modula\" data-srcset=\"https:\/\/bpzoliborz.pl\/bpzoliborz\/wp-content\/uploads\/2024\/06\/konkurs-recytatorski-kulmowa-22.06.2024-final-35.jpg 1080w, https:\/\/bpzoliborz.pl\/bpzoliborz\/wp-content\/uploads\/2024\/06\/konkurs-recytatorski-kulmowa-22.06.2024-final-35-768x512.jpg 768w, https:\/\/bpzoliborz.pl\/bpzoliborz\/wp-content\/uploads\/2024\/06\/konkurs-recytatorski-kulmowa-22.06.2024-final-35-391x260.jpg 391w, https:\/\/bpzoliborz.pl\/bpzoliborz\/wp-content\/uploads\/2024\/06\/konkurs-recytatorski-kulmowa-22.06.2024-final-35-930x620.jpg 930w\" data-sizes=\"(max-width: 1080px) 100vw, 1080px\" \/>\r\n\t\t<div class=\"figc\">\r\n\t\t\t<div class=\"figc-inner\">\r\n\t\t\t\t\t\t\t\t\t\t\t\t\t<p class=\"description\">Bibliotekarze cz\u0119stuj\u0105 go\u015bci pami\u0105tkowymi ciasteczkami ufundowanymi przez Bibliotek\u0119 Publiczn\u0105 w Dzielnicy \u017boliborz m.st. Warszawy<\/p>\r\n\t\t\t\t\t\t\t\t\t\t\t<\/div>\r\n\t\t<\/div>\r\n\r\n\t<\/div>\r\n\r\n<\/div><div class=\"modula-item effect-pufrobo\" >\r\n\t<div class=\"modula-item-overlay\"><\/div>\r\n\r\n\t<div class=\"modula-item-content\">\r\n\r\n\t\t\t\t\r\n\t\t\t\t\t<a data-image-id=\"22511\" data-elementor-open-lightbox=\"no\" rel=\"jtg-22564\" data-caption=\"Bibliotekarze kroj\u0105 pami\u0105tkowy tort ufundowany przez Rad\u0119 Miasta Szczecin\" aria-label=\"Otw\u00f3rz obrazek w Lightboxie\" role=\"button\" class=\"tile-inner modula-item-link\"><\/a>\r\n\t\t\r\n\t\t<img class=\"pic wp-image-22511 lazyload\"  data-valign=\"middle\" data-halign=\"center\" alt=\"Zdj\u0119cie z II \u017boliborskiego Konkursu Recytatorskiego im. Joanny Kulmowej zorganizowanego przez Bibliotek\u0119 Publiczn\u0105 w Dzielnicy \u017boliborz, Spo\u0142eczny Dom Kultury WSM oraz Fundacj\u0119 Joanny i Jana Kulm\u00f3w. Krojenie tortu przez bibliotekarzy.\" data-full=\"https:\/\/bpzoliborz.pl\/bpzoliborz\/wp-content\/uploads\/2024\/06\/konkurs-recytatorski-kulmowa-22.06.2024-final-1.jpg\" title=\"konkurs recytatorski kulmowa 22.06.2024 fina\u0142 (1)\" width=\"1080\" height=\"720\" data-src=\"https:\/\/bpzoliborz.pl\/bpzoliborz\/wp-content\/uploads\/2024\/06\/konkurs-recytatorski-kulmowa-22.06.2024-final-1.jpg\" data-caption=\"Bibliotekarze kroj\u0105 pami\u0105tkowy tort ufundowany przez Rad\u0119 Miasta Szczecin\" data-source=\"modula\" data-srcset=\"https:\/\/bpzoliborz.pl\/bpzoliborz\/wp-content\/uploads\/2024\/06\/konkurs-recytatorski-kulmowa-22.06.2024-final-1.jpg 1080w, https:\/\/bpzoliborz.pl\/bpzoliborz\/wp-content\/uploads\/2024\/06\/konkurs-recytatorski-kulmowa-22.06.2024-final-1-768x512.jpg 768w, https:\/\/bpzoliborz.pl\/bpzoliborz\/wp-content\/uploads\/2024\/06\/konkurs-recytatorski-kulmowa-22.06.2024-final-1-391x260.jpg 391w, https:\/\/bpzoliborz.pl\/bpzoliborz\/wp-content\/uploads\/2024\/06\/konkurs-recytatorski-kulmowa-22.06.2024-final-1-930x620.jpg 930w\" data-sizes=\"(max-width: 1080px) 100vw, 1080px\" \/>\r\n\t\t<div class=\"figc\">\r\n\t\t\t<div class=\"figc-inner\">\r\n\t\t\t\t\t\t\t\t\t\t\t\t\t<p class=\"description\">Bibliotekarze kroj\u0105 pami\u0105tkowy tort ufundowany przez Rad\u0119 Miasta Szczecin<\/p>\r\n\t\t\t\t\t\t\t\t\t\t\t<\/div>\r\n\t\t<\/div>\r\n\r\n\t<\/div>\r\n\r\n<\/div>\t\t\r\n\t<\/div>\r\n\r\n\t\r\n\t\r\n\t<script type=\"application\/ld+json\">\r\n\t{\r\n\t\t\"@context\": \"http:\/\/schema.org\",\r\n\t\t\"@type\"   : \"ImageGallery\",\r\n\t\t\"id\"      : \"https:\/\/bpzoliborz.pl\/bpzoliborz\/wp-json\/wp\/v2\/posts\/22461\",\r\n\t\t\"url\"     : \"https:\/\/bpzoliborz.pl\/bpzoliborz\/wp-json\/wp\/v2\/posts\/22461\"\r\n\t}\r\n\r\n    <\/script>\r\n\r\n\t\r\n<\/div>\n\n\n<div style=\"height:23px\" aria-hidden=\"true\" class=\"wp-block-spacer\"><\/div>\n\n\n\n<p class=\"has-text-align-center\" style=\"font-size:17px\">Wszystkie nasze dzia\u0142ania s\u0105 niejako zobowi\u0105zaniem wobec poetki. Obiecujemy, \u017ce w\u015br\u00f3d dzieci i m\u0142odzie\u017cy tw\u00f3rczo\u015b\u0107 autorki nie zostanie zapomniana, a \u017coliborscy bibliotekarze do\u0142o\u017c\u0105 wszelkich stara\u0144 aby edukowa\u0107 w tym kierunku naszych ma\u0142ych czytelnik\u00f3w.<\/p>\n\n\n\n<div style=\"height:22px\" aria-hidden=\"true\" class=\"wp-block-spacer\"><\/div>\n\n\n\n<p class=\"has-text-align-center\" style=\"font-size:22px\"><strong>Na trzeci\u0105 edycj\u0119 \u017boliborskiego Konkursu Recytatorskiego im. Joanny Kulmowej zapraszamy za rok!<\/strong><\/p>\n","protected":false},"excerpt":{"rendered":"<p>W my\u015bl kontynuacji upami\u0119tnienia tw\u00f3rczo\u015bci Joanny Kulmowej oraz r\u00f3\u017cnych wydarze\u0144 organizowanych w Bibliotece w ramach projektu \u201eDzieci Kulmowej &#8211; Kulmowa Dzieciom\u201d odby\u0142 si\u0119 Drugi \u017boliborski Konkurs Recytatorski im. Joanny Kulmowej pod patronatem Burmistrza Dzielnicy \u017boliborz \u2013 Pani Renaty Koz\u0142owskiej, kt\u00f3ry mia\u0142 zasi\u0119g og\u00f3lnowarszawski. G\u0142\u00f3wnym za\u0142o\u017ceniem projektu jest promocja czytelnictwa, upowszechnianie wiedzy i kultury, kszta\u0142towanie postaw&hellip;&nbsp;<a href=\"https:\/\/bpzoliborz.pl\/bpzoliborz\/index.php\/2024\/06\/24\/final-ii-zoliborskiego-konkursu-recytatorskiego-im-joanny-kulmowej\/\" class=\"\" rel=\"bookmark\">Czytaj wi\u0119cej &raquo;<span class=\"screen-reader-text\">Fina\u0142 II \u017boliborskiego Konkursu Recytatorskiego im. Joanny Kulmowej &#8211; relacja<\/span><\/a><\/p>\n","protected":false},"author":18,"featured_media":22523,"comment_status":"closed","ping_status":"closed","sticky":false,"template":"","format":"standard","meta":{"_stopmodifiedupdate":false,"_modified_date":"","_eb_attr":"","neve_meta_sidebar":"","neve_meta_container":"","neve_meta_enable_content_width":"","neve_meta_content_width":0,"neve_meta_title_alignment":"","neve_meta_author_avatar":"","neve_post_elements_order":"","neve_meta_disable_header":"","neve_meta_disable_footer":"","neve_meta_disable_title":""},"categories":[5,10],"tags":[1448,623,991],"_links":{"self":[{"href":"https:\/\/bpzoliborz.pl\/bpzoliborz\/index.php\/wp-json\/wp\/v2\/posts\/22461"}],"collection":[{"href":"https:\/\/bpzoliborz.pl\/bpzoliborz\/index.php\/wp-json\/wp\/v2\/posts"}],"about":[{"href":"https:\/\/bpzoliborz.pl\/bpzoliborz\/index.php\/wp-json\/wp\/v2\/types\/post"}],"author":[{"embeddable":true,"href":"https:\/\/bpzoliborz.pl\/bpzoliborz\/index.php\/wp-json\/wp\/v2\/users\/18"}],"replies":[{"embeddable":true,"href":"https:\/\/bpzoliborz.pl\/bpzoliborz\/index.php\/wp-json\/wp\/v2\/comments?post=22461"}],"version-history":[{"count":42,"href":"https:\/\/bpzoliborz.pl\/bpzoliborz\/index.php\/wp-json\/wp\/v2\/posts\/22461\/revisions"}],"predecessor-version":[{"id":24723,"href":"https:\/\/bpzoliborz.pl\/bpzoliborz\/index.php\/wp-json\/wp\/v2\/posts\/22461\/revisions\/24723"}],"wp:featuredmedia":[{"embeddable":true,"href":"https:\/\/bpzoliborz.pl\/bpzoliborz\/index.php\/wp-json\/wp\/v2\/media\/22523"}],"wp:attachment":[{"href":"https:\/\/bpzoliborz.pl\/bpzoliborz\/index.php\/wp-json\/wp\/v2\/media?parent=22461"}],"wp:term":[{"taxonomy":"category","embeddable":true,"href":"https:\/\/bpzoliborz.pl\/bpzoliborz\/index.php\/wp-json\/wp\/v2\/categories?post=22461"},{"taxonomy":"post_tag","embeddable":true,"href":"https:\/\/bpzoliborz.pl\/bpzoliborz\/index.php\/wp-json\/wp\/v2\/tags?post=22461"}],"curies":[{"name":"wp","href":"https:\/\/api.w.org\/{rel}","templated":true}]}}