{"id":21999,"date":"2024-05-09T09:22:00","date_gmt":"2024-05-09T07:22:00","guid":{"rendered":"https:\/\/bpzoliborz.pl\/bpzoliborz\/?p=21999"},"modified":"2024-05-24T09:30:36","modified_gmt":"2024-05-24T07:30:36","slug":"zoliborz-urzedniczy-bezplatny-spacer-z-prelekcja","status":"publish","type":"post","link":"https:\/\/bpzoliborz.pl\/bpzoliborz\/index.php\/2024\/05\/09\/zoliborz-urzedniczy-bezplatny-spacer-z-prelekcja\/","title":{"rendered":"\u201e\u017boliborz Urz\u0119dniczy\u201d \u2013 bezp\u0142atny spacer z prelekcj\u0105"},"content":{"rendered":"\n<figure class=\"wp-block-image size-large\"><img loading=\"lazy\" width=\"1080\" height=\"675\" src=\"https:\/\/bpzoliborz.pl\/bpzoliborz\/wp-content\/uploads\/2024\/04\/Tydzien-Bibliotek-2024-spacer-bo-2.png\" alt=\"\" class=\"wp-image-21482\" srcset=\"https:\/\/bpzoliborz.pl\/bpzoliborz\/wp-content\/uploads\/2024\/04\/Tydzien-Bibliotek-2024-spacer-bo-2.png 1080w, https:\/\/bpzoliborz.pl\/bpzoliborz\/wp-content\/uploads\/2024\/04\/Tydzien-Bibliotek-2024-spacer-bo-2-768x480.png 768w\" sizes=\"(max-width: 1080px) 100vw, 1080px\" \/><\/figure>\n\n\n\n<p style=\"font-size:17px\"><strong>8 maja<\/strong> <strong>2024 roku<\/strong> spacerowali\u015bmy po Starym \u017boliborzu, a dok\u0142adnie po osiedlu \u017boliborz Urz\u0119dniczy. Z Placu Wilsona przeszli\u015bmy na Plac Henkla i w\u0119drowali\u015bmy po ulicy Wieniawskiego, Brodzi\u0144skiego, Feli\u0144skiego. Byli\u015bmy te\u017c przy Placu Inwalid\u00f3w. Zobaczyli\u015bmy kapliczki, pomniki i miejsca zwi\u0105zane z pisarzami, artystami, budowniczymi i patriotami. Podziwiali\u015bmy architektur\u0119 i budynki. Po &#8220;Kolonii Urz\u0119dniczej&#8221; oprowadzi\u0142 nas <strong>Marcin Strachota<\/strong>, przewodnik z Biura Przewodnik\u00f3w <a href=\"http:\/\/www.skarbywarszawy.pl\/\"><strong>Skarby Warszawy<\/strong><\/a>, kt\u00f3ry przed spotkaniem wyg\u0142osi\u0142 kr\u00f3tk\u0105 prelekcj\u0119. <\/p>\n\n\n\n<p class=\"has-text-align-center\" style=\"font-size:17px\">Osiedle \u017boliborz Urz\u0119dniczy znajduje si\u0119 w rejonie ulic Brodzi\u0144skiego, Wieniawskiego i placu Henkla. Jest to dawna kolonia urz\u0119dnicza nawi\u0105zuj\u0105ca form\u0105 do tradycji ma\u0142omiasteczkowej architektury polskiej XVIII i pocz\u0105tku XIX wieku. <\/p>\n\n\n\n<p class=\"has-text-align-center\" style=\"font-size:17px\">Pocz\u0105tki Kolonii Urz\u0119dniczej si\u0119gaj\u0105 wieku XVIII, ale to lata dwudzieste XX wieku przynios\u0142y najwa\u017cniejsze zmiany w tym rejonie. To w\u0142a\u015bnie wtedy powsta\u0142a miejska zabudowa, nawi\u0105zuj\u0105ca do idei szlacheckiego dworku. Planowanie miejskie uwzgl\u0119dni\u0142o potrzeby mieszka\u0144c\u00f3w, tworz\u0105c jednocze\u015bnie miasto-ogr\u00f3d, co by\u0142o innowacyjne w tamtych czasach. Na ulicach Kolonii Urz\u0119dniczej mo\u017cna odnale\u017a\u0107 awangardowe akcenty architektoniczne, z widocznymi wp\u0142ywami modernizmu i funkcjonalizmu.<\/p>\n\n\n\n<p><\/p>\n\n\n\n<p style=\"font-size:17px\"><strong>Galeria zdj\u0119\u0107 ze spaceru:<\/strong><\/p>\n\n\n\n<figure class=\"wp-block-gallery columns-2 is-cropped\"><ul class=\"blocks-gallery-grid\"><li class=\"blocks-gallery-item\"><figure><img loading=\"lazy\" width=\"1080\" height=\"760\" src=\"https:\/\/bpzoliborz.pl\/bpzoliborz\/wp-content\/uploads\/2024\/05\/Spacer-ZU-TB2024-BO2024-zdjecie-2-e1715863533602.png\" alt=\"Zdj\u0119cie ze spaceru &quot;\u017boliborz Urz\u0119dniczy&quot; zorganizowanego przez Bibliotek\u0119 Publiczn\u0105 w Dzielnicy \u017boliborz 8 maja 2024 roku. Przewodnik i grupa s\u0142uchaczy stoj\u0105cych przed wej\u015bciem do Parku \u017beromskiego. W lewym dolnym rogu znaczek bud\u017cetu obywatelskiego z napisem: Bud\u017cet Obywatelski Zg\u0142aszam G\u0142osuj\u0119 Korzystam\" data-id=\"21779\" data-full-url=\"https:\/\/bpzoliborz.pl\/bpzoliborz\/wp-content\/uploads\/2024\/05\/Spacer-ZU-TB2024-BO2024-zdjecie-2-e1715863533602.png\" data-link=\"https:\/\/bpzoliborz.pl\/bpzoliborz\/spacer-zu-tb2024-bo2024-zdjecie-2\/\" class=\"wp-image-21779\"\/><\/figure><\/li><li class=\"blocks-gallery-item\"><figure><img loading=\"lazy\" width=\"1080\" height=\"760\" src=\"https:\/\/bpzoliborz.pl\/bpzoliborz\/wp-content\/uploads\/2024\/05\/Spacer-ZU-TB2024-BO2024-zdjecie-7-e1715863874918.png\" alt=\"Zdj\u0119cie ze spaceru &quot;\u017boliborz Urz\u0119dniczy&quot; zorganizowanego przez Bibliotek\u0119 Publiczn\u0105 w Dzielnicy \u017boliborz 8 maja 2024 roku. Przewodnik na tle napis\u00f3w na bramie ko\u015bcio\u0142a \u015bw. Stanis\u0142awa Kostki m\u00f3wi\u0105cy do grupy s\u0142uchaczy W lewym dolnym rogu znaczek bud\u017cetu obywatelskiego z napisem: Bud\u017cet Obywatelski Zg\u0142aszam G\u0142osuj\u0119 Korzystam\" data-id=\"21784\" data-full-url=\"https:\/\/bpzoliborz.pl\/bpzoliborz\/wp-content\/uploads\/2024\/05\/Spacer-ZU-TB2024-BO2024-zdjecie-7-e1715863874918.png\" data-link=\"https:\/\/bpzoliborz.pl\/bpzoliborz\/spacer-zu-tb2024-bo2024-zdjecie-7\/\" class=\"wp-image-21784\"\/><\/figure><\/li><li class=\"blocks-gallery-item\"><figure><img loading=\"lazy\" width=\"1080\" height=\"760\" src=\"https:\/\/bpzoliborz.pl\/bpzoliborz\/wp-content\/uploads\/2024\/05\/Spacer-ZU-TB2024-BO2024-zdjecie-6-e1715863859211.png\" alt=\"Zdj\u0119cie ze spaceru &quot;\u017boliborz Urz\u0119dniczy&quot; zorganizowanego przez Bibliotek\u0119 Publiczn\u0105 w Dzielnicy \u017boliborz 8 maja 2024 roku. Gr\u00f3b ks. Jerzego Popie\u0142uszki z napisami: B\u0142ogos\u0142\u0105wiony Ks. Jerzy Popie\u0142uszko lat 37 zamordowany 19 X 1984 W lewym dolnym rogu znaczek bud\u017cetu obywatelskiego z napisem: Bud\u017cet Obywatelski Zg\u0142aszam G\u0142osuj\u0119 Korzystam\" data-id=\"21783\" data-full-url=\"https:\/\/bpzoliborz.pl\/bpzoliborz\/wp-content\/uploads\/2024\/05\/Spacer-ZU-TB2024-BO2024-zdjecie-6-e1715863859211.png\" data-link=\"https:\/\/bpzoliborz.pl\/bpzoliborz\/spacer-zu-tb2024-bo2024-zdjecie-6\/\" class=\"wp-image-21783\"\/><\/figure><\/li><li class=\"blocks-gallery-item\"><figure><img loading=\"lazy\" width=\"1080\" height=\"760\" src=\"https:\/\/bpzoliborz.pl\/bpzoliborz\/wp-content\/uploads\/2024\/05\/Spacer-ZU-TB2024-BO2024-zdjecie-3-e1715863547680.png\" alt=\"Zdj\u0119cie ze spaceru &quot;\u017boliborz Urz\u0119dniczy&quot; zorganizowanego przez Bibliotek\u0119 Publiczn\u0105 w Dzielnicy \u017boliborz 8 maja 2024 roku. Przewodnik i grupa s\u0142uchaczy stoj\u0105cych przy grobie ks. Jerzego Popie\u0142uszki przy Ko\u015bciele \u015bw. Stanis\u0142awa Kostki W lewym dolnym rogu znaczek bud\u017cetu obywatelskiego z napisem: Bud\u017cet Obywatelski Zg\u0142aszam G\u0142osuj\u0119 Korzystam\" data-id=\"21780\" data-full-url=\"https:\/\/bpzoliborz.pl\/bpzoliborz\/wp-content\/uploads\/2024\/05\/Spacer-ZU-TB2024-BO2024-zdjecie-3-e1715863547680.png\" data-link=\"https:\/\/bpzoliborz.pl\/bpzoliborz\/spacer-zu-tb2024-bo2024-zdjecie-3\/\" class=\"wp-image-21780\"\/><\/figure><\/li><li class=\"blocks-gallery-item\"><figure><img loading=\"lazy\" width=\"1080\" height=\"760\" src=\"https:\/\/bpzoliborz.pl\/bpzoliborz\/wp-content\/uploads\/2024\/05\/Spacer-ZU-TB2024-BO2024-zdjecie-4-e1715863564129.png\" alt=\"Zdj\u0119cie ze spaceru &quot;\u017boliborz Urz\u0119dniczy&quot; zorganizowanego przez Bibliotek\u0119 Publiczn\u0105 w Dzielnicy \u017boliborz 8 maja 2024 roku. S\u0142uchacz z psem na ramieniu. W lewym dolnym rogu znaczek bud\u017cetu obywatelskiego z napisem: Bud\u017cet Obywatelski Zg\u0142aszam G\u0142osuj\u0119 Korzystam\" data-id=\"21781\" data-full-url=\"https:\/\/bpzoliborz.pl\/bpzoliborz\/wp-content\/uploads\/2024\/05\/Spacer-ZU-TB2024-BO2024-zdjecie-4-e1715863564129.png\" data-link=\"https:\/\/bpzoliborz.pl\/bpzoliborz\/spacer-zu-tb2024-bo2024-zdjecie-4\/\" class=\"wp-image-21781\"\/><\/figure><\/li><li class=\"blocks-gallery-item\"><figure><img loading=\"lazy\" width=\"1080\" height=\"760\" src=\"https:\/\/bpzoliborz.pl\/bpzoliborz\/wp-content\/uploads\/2024\/05\/Spacer-ZU-TB2024-BO2024-zdjecie-11-e1715864015472.png\" alt=\"Zdj\u0119cie ze spaceru &quot;\u017boliborz Urz\u0119dniczy&quot; zorganizowanego przez Bibliotek\u0119 Publiczn\u0105 w Dzielnicy \u017boliborz 8 maja 2024 roku. Przewodnik i grupa s\u0142uchaczy przy jednej z kamienic W lewym dolnym rogu znaczek bud\u017cetu obywatelskiego z napisem: Bud\u017cet Obywatelski Zg\u0142aszam G\u0142osuj\u0119 Korzystam\" data-id=\"21788\" data-full-url=\"https:\/\/bpzoliborz.pl\/bpzoliborz\/wp-content\/uploads\/2024\/05\/Spacer-ZU-TB2024-BO2024-zdjecie-11-e1715864015472.png\" data-link=\"https:\/\/bpzoliborz.pl\/bpzoliborz\/spacer-zu-tb2024-bo2024-zdjecie-11\/\" class=\"wp-image-21788\"\/><\/figure><\/li><li class=\"blocks-gallery-item\"><figure><img loading=\"lazy\" width=\"1080\" height=\"760\" src=\"https:\/\/bpzoliborz.pl\/bpzoliborz\/wp-content\/uploads\/2024\/05\/Spacer-ZU-TB2024-BO2024-zdjecie-8-e1715863963982.png\" alt=\"Zdj\u0119cie ze spaceru &quot;\u017boliborz Urz\u0119dniczy&quot; zorganizowanego przez Bibliotek\u0119 Publiczn\u0105 w Dzielnicy \u017boliborz 8 maja 2024 roku. Przewodnik i grupa s\u0142uchaczy przy pomniku \u017co\u0142nierzy AK poleg\u0142ych w ataku na Dworzec Gda\u0144ski w Warszawie przy ul. Mickiewicza W lewym dolnym rogu znaczek bud\u017cetu obywatelskiego z napisem: Bud\u017cet Obywatelski Zg\u0142aszam G\u0142osuj\u0119 Korzystam\" data-id=\"21785\" data-full-url=\"https:\/\/bpzoliborz.pl\/bpzoliborz\/wp-content\/uploads\/2024\/05\/Spacer-ZU-TB2024-BO2024-zdjecie-8-e1715863963982.png\" data-link=\"https:\/\/bpzoliborz.pl\/bpzoliborz\/spacer-zu-tb2024-bo2024-zdjecie-8\/\" class=\"wp-image-21785\"\/><\/figure><\/li><li class=\"blocks-gallery-item\"><figure><img loading=\"lazy\" width=\"1080\" height=\"760\" src=\"https:\/\/bpzoliborz.pl\/bpzoliborz\/wp-content\/uploads\/2024\/05\/Spacer-ZU-TB2024-BO2024-zdjecie-9-e1715863980877.png\" alt=\"Zdj\u0119cie ze spaceru &quot;\u017boliborz Urz\u0119dniczy&quot; zorganizowanego przez Bibliotek\u0119 Publiczn\u0105 w Dzielnicy \u017boliborz 8 maja 2024 roku. Przewodnik i grupa s\u0142uchaczy przy Al. Wojska Polskiego. W lewym dolnym rogu znaczek bud\u017cetu obywatelskiego z napisem: Bud\u017cet Obywatelski Zg\u0142aszam G\u0142osuj\u0119 Korzystam\" data-id=\"21786\" data-full-url=\"https:\/\/bpzoliborz.pl\/bpzoliborz\/wp-content\/uploads\/2024\/05\/Spacer-ZU-TB2024-BO2024-zdjecie-9-e1715863980877.png\" data-link=\"https:\/\/bpzoliborz.pl\/bpzoliborz\/spacer-zu-tb2024-bo2024-zdjecie-9\/\" class=\"wp-image-21786\"\/><\/figure><\/li><li class=\"blocks-gallery-item\"><figure><img loading=\"lazy\" width=\"1080\" height=\"760\" src=\"https:\/\/bpzoliborz.pl\/bpzoliborz\/wp-content\/uploads\/2024\/05\/Spacer-ZU-TB2024-BO2024-zdjecie-10-e1715863997580.png\" alt=\"Zdj\u0119cie ze spaceru &quot;\u017boliborz Urz\u0119dniczy&quot; zorganizowanego przez Bibliotek\u0119 Publiczn\u0105 w Dzielnicy \u017boliborz 8 maja 2024 roku. Przewodnik i grupa s\u0142uchaczy przy jednej z kamienic W lewym dolnym rogu znaczek bud\u017cetu obywatelskiego z napisem: Bud\u017cet Obywatelski Zg\u0142aszam G\u0142osuj\u0119 Korzystam\" data-id=\"21787\" data-full-url=\"https:\/\/bpzoliborz.pl\/bpzoliborz\/wp-content\/uploads\/2024\/05\/Spacer-ZU-TB2024-BO2024-zdjecie-10-e1715863997580.png\" data-link=\"https:\/\/bpzoliborz.pl\/bpzoliborz\/spacer-zu-tb2024-bo2024-zdjecie-10\/\" class=\"wp-image-21787\"\/><\/figure><\/li><li class=\"blocks-gallery-item\"><figure><img loading=\"lazy\" width=\"1080\" height=\"760\" src=\"https:\/\/bpzoliborz.pl\/bpzoliborz\/wp-content\/uploads\/2024\/05\/Spacer-ZU-TB2024-BO2024-zdjecie-12-e1715864033943.png\" alt=\"Zdj\u0119cie ze spaceru &quot;\u017boliborz Urz\u0119dniczy&quot; zorganizowanego przez Bibliotek\u0119 Publiczn\u0105 w Dzielnicy \u017boliborz 8 maja 2024 roku. Przewodnik i grupa s\u0142uchaczy przy pomniku Czynu Zbrojnego Polonii Ameryka\u0144skiej przy pl. Grunwaldzkim. W lewym dolnym rogu znaczek bud\u017cetu obywatelskiego z napisem: Bud\u017cet Obywatelski Zg\u0142aszam G\u0142osuj\u0119 Korzystam\" data-id=\"21789\" data-full-url=\"https:\/\/bpzoliborz.pl\/bpzoliborz\/wp-content\/uploads\/2024\/05\/Spacer-ZU-TB2024-BO2024-zdjecie-12-e1715864033943.png\" data-link=\"https:\/\/bpzoliborz.pl\/bpzoliborz\/spacer-zu-tb2024-bo2024-zdjecie-12\/\" class=\"wp-image-21789\"\/><\/figure><\/li><li class=\"blocks-gallery-item\"><figure><img loading=\"lazy\" width=\"1080\" height=\"760\" src=\"https:\/\/bpzoliborz.pl\/bpzoliborz\/wp-content\/uploads\/2024\/05\/Spacer-ZU-TB2024-BO2024-zdjecie-1-e1715863515899.png\" alt=\"Zdj\u0119cie ze spaceru &quot;\u017boliborz Urz\u0119dniczy&quot; zorganizowanego przez Bibliotek\u0119 Publiczn\u0105 w Dzielnicy \u017boliborz 8 maja 2024 roku. Zdj\u0119cie jednego ze s\u0142upk\u00f3w ozdobionego sow\u0105 z w\u0142\u00f3czki. W lewym dolnym rogu znaczek bud\u017cetu obywatelskiego z napisem: Bud\u017cet Obywatelski Zg\u0142aszam G\u0142osuj\u0119 Korzystam\" data-id=\"21778\" data-full-url=\"https:\/\/bpzoliborz.pl\/bpzoliborz\/wp-content\/uploads\/2024\/05\/Spacer-ZU-TB2024-BO2024-zdjecie-1-e1715863515899.png\" data-link=\"https:\/\/bpzoliborz.pl\/bpzoliborz\/spacer-zu-tb2024-bo2024-zdjecie-1\/\" class=\"wp-image-21778\"\/><\/figure><\/li><\/ul><\/figure>\n\n\n\n<hr class=\"wp-block-separator\"\/>\n\n\n\n<div style=\"height:32px\" aria-hidden=\"true\" class=\"wp-block-spacer\"><\/div>\n\n\n\n<p class=\"has-text-align-center\"><strong>Wydarzenie towarzysz\u0105ce XXI Og\u00f3lnopolskiemu Tygodniowi Bibliotek 2024 na \u017boliborzu.<\/strong><\/p>\n\n\n\n<div class=\"wp-block-media-text alignwide is-stacked-on-mobile\" style=\"grid-template-columns:25% auto\"><figure class=\"wp-block-media-text__media\"><img loading=\"lazy\" width=\"921\" height=\"295\" src=\"https:\/\/bpzoliborz.pl\/bpzoliborz\/wp-content\/uploads\/2023\/04\/budzet-obywatelski-2023-04.png\" alt=\"logotyp bud\u017cetu obywatelskiego bia\u0142e napisy na granatowym tle widoczne napisy: bud\u017cet obywatelski zg\u0142aszam g\u0142osuj\u0119 korzystam warszawa\" class=\"wp-image-15574 size-full\" srcset=\"https:\/\/bpzoliborz.pl\/bpzoliborz\/wp-content\/uploads\/2023\/04\/budzet-obywatelski-2023-04.png 921w, https:\/\/bpzoliborz.pl\/bpzoliborz\/wp-content\/uploads\/2023\/04\/budzet-obywatelski-2023-04-768x246.png 768w\" sizes=\"(max-width: 921px) 100vw, 921px\" \/><\/figure><div class=\"wp-block-media-text__content\">\n<p style=\"font-size:21px\"><strong>Wydarzenie finansowane ze \u015brodk\u00f3w Bud\u017cetu Obywatelskiego 2024 w ramach projektu \u201cSenior w Bibliotece\u201d.<\/strong><\/p>\n<\/div><\/div>\n","protected":false},"excerpt":{"rendered":"<p>8 maja 2024 roku spacerowali\u015bmy po Starym \u017boliborzu, a dok\u0142adnie po osiedlu \u017boliborz Urz\u0119dniczy. Z Placu Wilsona przeszli\u015bmy na Plac Henkla i w\u0119drowali\u015bmy po ulicy Wieniawskiego, Brodzi\u0144skiego, Feli\u0144skiego. Byli\u015bmy te\u017c przy Placu Inwalid\u00f3w. Zobaczyli\u015bmy kapliczki, pomniki i miejsca zwi\u0105zane z pisarzami, artystami, budowniczymi i patriotami. Podziwiali\u015bmy architektur\u0119 i budynki. Po &#8220;Kolonii Urz\u0119dniczej&#8221; oprowadzi\u0142 nas Marcin&hellip;&nbsp;<a href=\"https:\/\/bpzoliborz.pl\/bpzoliborz\/index.php\/2024\/05\/09\/zoliborz-urzedniczy-bezplatny-spacer-z-prelekcja\/\" class=\"\" rel=\"bookmark\">Czytaj wi\u0119cej &raquo;<span class=\"screen-reader-text\">\u201e\u017boliborz Urz\u0119dniczy\u201d \u2013 bezp\u0142atny spacer z prelekcj\u0105<\/span><\/a><\/p>\n","protected":false},"author":9,"featured_media":21482,"comment_status":"closed","ping_status":"closed","sticky":false,"template":"","format":"standard","meta":{"_stopmodifiedupdate":false,"_modified_date":"","_eb_attr":"","neve_meta_sidebar":"","neve_meta_container":"","neve_meta_enable_content_width":"","neve_meta_content_width":0,"neve_meta_title_alignment":"","neve_meta_author_avatar":"","neve_post_elements_order":"","neve_meta_disable_header":"","neve_meta_disable_footer":"","neve_meta_disable_title":""},"categories":[10],"tags":[137,595,596,937,376,1383,115,1397],"_links":{"self":[{"href":"https:\/\/bpzoliborz.pl\/bpzoliborz\/index.php\/wp-json\/wp\/v2\/posts\/21999"}],"collection":[{"href":"https:\/\/bpzoliborz.pl\/bpzoliborz\/index.php\/wp-json\/wp\/v2\/posts"}],"about":[{"href":"https:\/\/bpzoliborz.pl\/bpzoliborz\/index.php\/wp-json\/wp\/v2\/types\/post"}],"author":[{"embeddable":true,"href":"https:\/\/bpzoliborz.pl\/bpzoliborz\/index.php\/wp-json\/wp\/v2\/users\/9"}],"replies":[{"embeddable":true,"href":"https:\/\/bpzoliborz.pl\/bpzoliborz\/index.php\/wp-json\/wp\/v2\/comments?post=21999"}],"version-history":[{"count":1,"href":"https:\/\/bpzoliborz.pl\/bpzoliborz\/index.php\/wp-json\/wp\/v2\/posts\/21999\/revisions"}],"predecessor-version":[{"id":22000,"href":"https:\/\/bpzoliborz.pl\/bpzoliborz\/index.php\/wp-json\/wp\/v2\/posts\/21999\/revisions\/22000"}],"wp:featuredmedia":[{"embeddable":true,"href":"https:\/\/bpzoliborz.pl\/bpzoliborz\/index.php\/wp-json\/wp\/v2\/media\/21482"}],"wp:attachment":[{"href":"https:\/\/bpzoliborz.pl\/bpzoliborz\/index.php\/wp-json\/wp\/v2\/media?parent=21999"}],"wp:term":[{"taxonomy":"category","embeddable":true,"href":"https:\/\/bpzoliborz.pl\/bpzoliborz\/index.php\/wp-json\/wp\/v2\/categories?post=21999"},{"taxonomy":"post_tag","embeddable":true,"href":"https:\/\/bpzoliborz.pl\/bpzoliborz\/index.php\/wp-json\/wp\/v2\/tags?post=21999"}],"curies":[{"name":"wp","href":"https:\/\/api.w.org\/{rel}","templated":true}]}}