{"id":21668,"date":"2024-05-09T15:59:50","date_gmt":"2024-05-09T13:59:50","guid":{"rendered":"https:\/\/bpzoliborz.pl\/bpzoliborz\/?p=21668"},"modified":"2024-05-09T17:02:12","modified_gmt":"2024-05-09T15:02:12","slug":"malgorzata-j-berwid-spotkanie-autorskie-dla-dzieci","status":"publish","type":"post","link":"https:\/\/bpzoliborz.pl\/bpzoliborz\/index.php\/2024\/05\/09\/malgorzata-j-berwid-spotkanie-autorskie-dla-dzieci\/","title":{"rendered":"Ma\u0142gorzata J. Berwid \u2013 spotkanie autorskie dla dzieci"},"content":{"rendered":"\n<p>9.05.2024r., z okazji trwaj\u0105cego \ud835\udc13\ud835\udc32\ud835\udc20\ud835\udc28\ud835\udc1d\ud835\udc27\ud835\udc22\ud835\udc1a \ud835\udc01\ud835\udc22\ud835\udc1b\ud835\udc25\ud835\udc22\ud835\udc28\ud835\udc2d\ud835\udc1e\ud835\udc24, odby\u0142o si\u0119 spotkanie autorskie z Pani\u0105 Ma\u0142gorzat\u0105 J. Berwid autork\u0105 ksi\u0105\u017cki &#8220;\ud835\udc16\ud835\udc28\ud835\udc23\ud835\udc1e\ud835\udc27\ud835\udc27\ud835\udc1e \ud835\udc25\ud835\udc1a\ud835\udc25\ud835\udc24\ud835\udc22 \ud835\udc0c\ud835\udc1a\ud835\udc2b\ud835\udc32\ud835\udc2c\ud835\udc22&#8221;. Go\u015bcini spotka\u0142a si\u0119 z uczniami klasy czwartej, kt\u00f3rym opowiada\u0142a o historii jej babci. Na chwil\u0119 przenios\u0142a s\u0142uchaczy w czasy, w kt\u00f3rych si\u0142a wyobra\u017ani pomog\u0142a siedmioletniej Marysi &#8211; bohaterce ksi\u0105\u017cki, przetrwa\u0107 wojn\u0119. Po obejrzeniu filmu przedstawiaj\u0105cego \u00f3wczesn\u0105 sytuacj\u0119, wsp\u00f3lnie z dzie\u0107mi rozmawia\u0142a o towarzysz\u0105cych im emocjach, opisa\u0142a r\u00f3wnie\u017c trudne latach, w kt\u00f3rych \u017cy\u0142a Marysia i jej rodzina. Dzieci rozwi\u0105za\u0142y krzy\u017c\u00f3wk\u0119, przyswajaj\u0105c przekazan\u0105 wiedz\u0119. Aby bardziej zobrazowa\u0107 sytuacj\u0119 dziecka w trakcie trwania wojny, Pani Ma\u0142gorzata zaprosi\u0142a czwartoklasist\u00f3w do zainscenizowania fragmentu ksi\u0105\u017cki, w kt\u00f3rym dziewczynka, by znie\u015b\u0107 trudy dnia codziennego, wymy\u015bli\u0142a &#8220;kartoflane przedszkole&#8221;.<\/p>\n\n\n\n<p>Spotkanie odby\u0142o si\u0119 w <a href=\"https:\/\/bpzoliborz.pl\/bpzoliborz\/index.php\/biblioteka-dla-dzieci-nr-xv\/\" data-type=\"page\" data-id=\"166\">Bibliotece dla Dzieci i M\u0142odzie\u017cy nr XV<\/a>.<\/p>\n\n\n\n<figure class=\"wp-block-gallery columns-1 is-cropped\"><ul class=\"blocks-gallery-grid\"><li class=\"blocks-gallery-item\"><figure><img loading=\"lazy\" width=\"1080\" height=\"675\" src=\"https:\/\/bpzoliborz.pl\/bpzoliborz\/wp-content\/uploads\/2024\/05\/kolaze-na-strone-2.png\" alt=\"grafika kola\u017cu  przedstawiaj\u0105ca spotkanie autorskie z Pani\u0105 Ma\u0142gorzat\u0105 Berwid, kt\u00f3re odby\u0142o si\u0119 z okazji trwaj\u0105cego Tygodnia Bibliotek.Autorka spotka\u0142a si\u0119 z uczniami klasy czwartej szko\u0142y podstawowej.\" data-id=\"21672\" data-full-url=\"https:\/\/bpzoliborz.pl\/bpzoliborz\/wp-content\/uploads\/2024\/05\/kolaze-na-strone-2.png\" data-link=\"https:\/\/bpzoliborz.pl\/bpzoliborz\/index.php\/2024\/05\/09\/malgorzata-j-berwid-spotkanie-autorskie-dla-dzieci\/kolaze-na-strone-2\/\" class=\"wp-image-21672\" srcset=\"https:\/\/bpzoliborz.pl\/bpzoliborz\/wp-content\/uploads\/2024\/05\/kolaze-na-strone-2.png 1080w, https:\/\/bpzoliborz.pl\/bpzoliborz\/wp-content\/uploads\/2024\/05\/kolaze-na-strone-2-768x480.png 768w\" sizes=\"(max-width: 1080px) 100vw, 1080px\" \/><\/figure><\/li><\/ul><\/figure>\n","protected":false},"excerpt":{"rendered":"<p>9.05.2024r., z okazji trwaj\u0105cego \ud835\udc13\ud835\udc32\ud835\udc20\ud835\udc28\ud835\udc1d\ud835\udc27\ud835\udc22\ud835\udc1a \ud835\udc01\ud835\udc22\ud835\udc1b\ud835\udc25\ud835\udc22\ud835\udc28\ud835\udc2d\ud835\udc1e\ud835\udc24, odby\u0142o si\u0119 spotkanie autorskie z Pani\u0105 Ma\u0142gorzat\u0105 J. Berwid autork\u0105 ksi\u0105\u017cki &#8220;\ud835\udc16\ud835\udc28\ud835\udc23\ud835\udc1e\ud835\udc27\ud835\udc27\ud835\udc1e \ud835\udc25\ud835\udc1a\ud835\udc25\ud835\udc24\ud835\udc22 \ud835\udc0c\ud835\udc1a\ud835\udc2b\ud835\udc32\ud835\udc2c\ud835\udc22&#8221;. Go\u015bcini spotka\u0142a si\u0119 z uczniami klasy czwartej, kt\u00f3rym opowiada\u0142a o historii jej babci. Na chwil\u0119 przenios\u0142a s\u0142uchaczy w czasy, w kt\u00f3rych si\u0142a wyobra\u017ani pomog\u0142a siedmioletniej Marysi &#8211; bohaterce ksi\u0105\u017cki, przetrwa\u0107 wojn\u0119. Po obejrzeniu filmu przedstawiaj\u0105cego&hellip;&nbsp;<a href=\"https:\/\/bpzoliborz.pl\/bpzoliborz\/index.php\/2024\/05\/09\/malgorzata-j-berwid-spotkanie-autorskie-dla-dzieci\/\" class=\"\" rel=\"bookmark\">Czytaj wi\u0119cej &raquo;<span class=\"screen-reader-text\">Ma\u0142gorzata J. Berwid \u2013 spotkanie autorskie dla dzieci<\/span><\/a><\/p>\n","protected":false},"author":18,"featured_media":21484,"comment_status":"closed","ping_status":"closed","sticky":false,"template":"","format":"standard","meta":{"_stopmodifiedupdate":false,"_modified_date":"","_eb_attr":"","neve_meta_sidebar":"","neve_meta_container":"","neve_meta_enable_content_width":"","neve_meta_content_width":0,"neve_meta_title_alignment":"","neve_meta_author_avatar":"","neve_post_elements_order":"","neve_meta_disable_header":"","neve_meta_disable_footer":"","neve_meta_disable_title":""},"categories":[10],"tags":[769,1407,1408,376],"_links":{"self":[{"href":"https:\/\/bpzoliborz.pl\/bpzoliborz\/index.php\/wp-json\/wp\/v2\/posts\/21668"}],"collection":[{"href":"https:\/\/bpzoliborz.pl\/bpzoliborz\/index.php\/wp-json\/wp\/v2\/posts"}],"about":[{"href":"https:\/\/bpzoliborz.pl\/bpzoliborz\/index.php\/wp-json\/wp\/v2\/types\/post"}],"author":[{"embeddable":true,"href":"https:\/\/bpzoliborz.pl\/bpzoliborz\/index.php\/wp-json\/wp\/v2\/users\/18"}],"replies":[{"embeddable":true,"href":"https:\/\/bpzoliborz.pl\/bpzoliborz\/index.php\/wp-json\/wp\/v2\/comments?post=21668"}],"version-history":[{"count":3,"href":"https:\/\/bpzoliborz.pl\/bpzoliborz\/index.php\/wp-json\/wp\/v2\/posts\/21668\/revisions"}],"predecessor-version":[{"id":21674,"href":"https:\/\/bpzoliborz.pl\/bpzoliborz\/index.php\/wp-json\/wp\/v2\/posts\/21668\/revisions\/21674"}],"wp:featuredmedia":[{"embeddable":true,"href":"https:\/\/bpzoliborz.pl\/bpzoliborz\/index.php\/wp-json\/wp\/v2\/media\/21484"}],"wp:attachment":[{"href":"https:\/\/bpzoliborz.pl\/bpzoliborz\/index.php\/wp-json\/wp\/v2\/media?parent=21668"}],"wp:term":[{"taxonomy":"category","embeddable":true,"href":"https:\/\/bpzoliborz.pl\/bpzoliborz\/index.php\/wp-json\/wp\/v2\/categories?post=21668"},{"taxonomy":"post_tag","embeddable":true,"href":"https:\/\/bpzoliborz.pl\/bpzoliborz\/index.php\/wp-json\/wp\/v2\/tags?post=21668"}],"curies":[{"name":"wp","href":"https:\/\/api.w.org\/{rel}","templated":true}]}}