{"id":1975,"date":"2020-09-05T11:00:00","date_gmt":"2020-09-05T09:00:00","guid":{"rendered":"http:\/\/bpzoliborz.pl\/bpzoliborz\/?p=1975"},"modified":"2024-11-22T10:58:28","modified_gmt":"2024-11-22T09:58:28","slug":"narodowe-czytanie-2020","status":"publish","type":"post","link":"https:\/\/bpzoliborz.pl\/bpzoliborz\/index.php\/2020\/09\/05\/narodowe-czytanie-2020\/","title":{"rendered":"Narodowe Czytanie 2020 &#8211; relacja"},"content":{"rendered":"\n<p>5 wrze\u015bnia 2020 r. odbywa si\u0119 &nbsp;dziewi\u0105ta ods\u0142ona akcji Narodowego Czytania. W tym roku na lektur\u0119 zosta\u0142a wybrana \u201eBalladyna\u201d Juliusza S\u0142owackiego.<\/p>\n\n\n\n<p>Akcja \u201eNarodowe Czytanie\u201d jest organizowana pod patronatem Prezydenta Rzeczypospolitej Polskiej. Ma ona na celu propagowanie polskiej literatury narodowej. W ramach tej inicjatywy w ca\u0142ej Polsce organizowane s\u0105 akcje wsp\u00f3lnego czytania lektury. Nasza Biblioteka r\u00f3wnie\u017c bierze w niej udzia\u0142. Przygotowali\u015bmy film na kt\u00f3rym fragmenty \u201eBalladyny\u201d czytaj\u0105 pracownicy Biblioteki. Nagranie urozmaic\u0105 grafiki z ok\u0142adkami starych wyda\u0144 \u201eBalladyny\u201d, plakaty z przedstawie\u0144 teatralnych, oraz fragmenty r\u0119kopisu dzie\u0142a Juliusza S\u0142owackiego, kt\u00f3re dost\u0119pne s\u0105 na stronie biblioteki cyfrowej POLONA.<\/p>\n\n\n\n<p>Zapraszamy do ogl\u0105dania.<\/p>\n\n\n\n<figure class=\"wp-block-embed-youtube wp-block-embed is-type-video is-provider-youtube wp-embed-aspect-16-9 wp-has-aspect-ratio\"><div class=\"wp-block-embed__wrapper\">\n<div class=\"nv-iframe-embed\"><iframe loading=\"lazy\" title=\"Narodowe Czytanie 2020  - &quot;Balladyna&quot;\" width=\"1200\" height=\"675\" src=\"https:\/\/www.youtube.com\/embed\/I6UIbzfjNUA?feature=oembed\" frameborder=\"0\" allow=\"accelerometer; autoplay; encrypted-media; gyroscope; picture-in-picture\" allowfullscreen><\/iframe><\/div>\n<\/div><\/figure>\n\n\n\n<p><\/p>\n","protected":false},"excerpt":{"rendered":"<p>5 wrze\u015bnia 2020 r. odbywa si\u0119 &nbsp;dziewi\u0105ta ods\u0142ona akcji Narodowego Czytania. W tym roku na lektur\u0119 zosta\u0142a wybrana \u201eBalladyna\u201d Juliusza S\u0142owackiego. Akcja \u201eNarodowe Czytanie\u201d jest organizowana pod patronatem Prezydenta Rzeczypospolitej Polskiej. Ma ona na celu propagowanie polskiej literatury narodowej. W ramach tej inicjatywy w ca\u0142ej Polsce organizowane s\u0105 akcje wsp\u00f3lnego czytania lektury. Nasza Biblioteka r\u00f3wnie\u017c&hellip;&nbsp;<a href=\"https:\/\/bpzoliborz.pl\/bpzoliborz\/index.php\/2020\/09\/05\/narodowe-czytanie-2020\/\" class=\"\" rel=\"bookmark\">Czytaj wi\u0119cej &raquo;<span class=\"screen-reader-text\">Narodowe Czytanie 2020 &#8211; relacja<\/span><\/a><\/p>\n","protected":false},"author":11,"featured_media":1982,"comment_status":"closed","ping_status":"closed","sticky":false,"template":"","format":"standard","meta":{"_stopmodifiedupdate":false,"_modified_date":"","_eb_attr":"","neve_meta_sidebar":"","neve_meta_container":"","neve_meta_enable_content_width":"off","neve_meta_content_width":0,"neve_meta_title_alignment":"","neve_meta_author_avatar":"","neve_post_elements_order":"","neve_meta_disable_header":"","neve_meta_disable_footer":"","neve_meta_disable_title":""},"categories":[5,10],"tags":[141,53],"_links":{"self":[{"href":"https:\/\/bpzoliborz.pl\/bpzoliborz\/index.php\/wp-json\/wp\/v2\/posts\/1975"}],"collection":[{"href":"https:\/\/bpzoliborz.pl\/bpzoliborz\/index.php\/wp-json\/wp\/v2\/posts"}],"about":[{"href":"https:\/\/bpzoliborz.pl\/bpzoliborz\/index.php\/wp-json\/wp\/v2\/types\/post"}],"author":[{"embeddable":true,"href":"https:\/\/bpzoliborz.pl\/bpzoliborz\/index.php\/wp-json\/wp\/v2\/users\/11"}],"replies":[{"embeddable":true,"href":"https:\/\/bpzoliborz.pl\/bpzoliborz\/index.php\/wp-json\/wp\/v2\/comments?post=1975"}],"version-history":[{"count":4,"href":"https:\/\/bpzoliborz.pl\/bpzoliborz\/index.php\/wp-json\/wp\/v2\/posts\/1975\/revisions"}],"predecessor-version":[{"id":24663,"href":"https:\/\/bpzoliborz.pl\/bpzoliborz\/index.php\/wp-json\/wp\/v2\/posts\/1975\/revisions\/24663"}],"wp:featuredmedia":[{"embeddable":true,"href":"https:\/\/bpzoliborz.pl\/bpzoliborz\/index.php\/wp-json\/wp\/v2\/media\/1982"}],"wp:attachment":[{"href":"https:\/\/bpzoliborz.pl\/bpzoliborz\/index.php\/wp-json\/wp\/v2\/media?parent=1975"}],"wp:term":[{"taxonomy":"category","embeddable":true,"href":"https:\/\/bpzoliborz.pl\/bpzoliborz\/index.php\/wp-json\/wp\/v2\/categories?post=1975"},{"taxonomy":"post_tag","embeddable":true,"href":"https:\/\/bpzoliborz.pl\/bpzoliborz\/index.php\/wp-json\/wp\/v2\/tags?post=1975"}],"curies":[{"name":"wp","href":"https:\/\/api.w.org\/{rel}","templated":true}]}}