{"id":1723,"date":"2020-09-17T14:34:00","date_gmt":"2020-09-17T12:34:00","guid":{"rendered":"http:\/\/bpzoliborz.pl\/bpzoliborz\/?p=1723"},"modified":"2020-09-21T18:34:14","modified_gmt":"2020-09-21T16:34:14","slug":"warszawskie-dni-seniora-las-w-sloiku","status":"publish","type":"post","link":"https:\/\/bpzoliborz.pl\/bpzoliborz\/index.php\/2020\/09\/17\/warszawskie-dni-seniora-las-w-sloiku\/","title":{"rendered":"Warszawskie Dni Seniora \u2013 Las w s\u0142oiku"},"content":{"rendered":"\n<p style=\"font-size:17px\">23 wrze\u015bnia serdecznie zapraszamy na bezp\u0142atne warsztaty florystyczne dla senior\u00f3w. <\/p>\n\n\n\n<p style=\"font-size:17px\">Las w s\u0142oiku to oryginalna kompozycja z ro\u015blin. We wn\u0119trzu naczynia odtwarza si\u0119 dolne poziomy lasu, przez <br>co s\u0142oik wygl\u0105da jak miniaturowa ba\u015bniowa kraina. Opr\u00f3cz aspektu dekoracyjnego, las w s\u0142oiku to tak\u017ce dobrze przemy\u015blana konstrukcja, kt\u00f3ra tworzy przyjazny ro\u015blinom mikroklimat \u2013 zamkni\u0119ty obieg wodny sprawia, \u017ce we wn\u0119trzu panuje sta\u0142a wilgo\u0107, dzi\u0119ki skraplaj\u0105cej si\u0119 parze, kt\u00f3ra nawadnia te\u017c pod\u0142o\u017ce.<\/p>\n\n\n\n<p style=\"font-size:17px\">Spotkanie zorganizowane w ramach Warszawskich Dni Seniora 2020. Zaj\u0119cia realizowane ze \u015brodk\u00f3w finansowych m.st. Warszawy w ramach Bud\u017cetu Obywatelskiego 2020.<\/p>\n\n\n\n<figure class=\"wp-block-image\"><img src=\"http:\/\/bpzoliborz.pl\/bpzoliborz\/wp-content\/uploads\/2020\/09\/kolaz-1.png-1.png\" alt=\"\"\/><\/figure>\n","protected":false},"excerpt":{"rendered":"<p>23 wrze\u015bnia serdecznie zapraszamy na bezp\u0142atne warsztaty florystyczne dla senior\u00f3w. Las w s\u0142oiku to oryginalna kompozycja z ro\u015blin. We wn\u0119trzu naczynia odtwarza si\u0119 dolne poziomy lasu, przez co s\u0142oik wygl\u0105da jak miniaturowa ba\u015bniowa kraina. Opr\u00f3cz aspektu dekoracyjnego, las w s\u0142oiku to tak\u017ce dobrze przemy\u015blana konstrukcja, kt\u00f3ra tworzy przyjazny ro\u015blinom mikroklimat \u2013 zamkni\u0119ty obieg wodny sprawia,&hellip;&nbsp;<a href=\"https:\/\/bpzoliborz.pl\/bpzoliborz\/index.php\/2020\/09\/17\/warszawskie-dni-seniora-las-w-sloiku\/\" class=\"\" rel=\"bookmark\">Czytaj wi\u0119cej &raquo;<span class=\"screen-reader-text\">Warszawskie Dni Seniora \u2013 Las w s\u0142oiku<\/span><\/a><\/p>\n","protected":false},"author":5,"featured_media":1905,"comment_status":"closed","ping_status":"closed","sticky":false,"template":"","format":"standard","meta":{"_stopmodifiedupdate":false,"_modified_date":"","_eb_attr":"","neve_meta_sidebar":"","neve_meta_container":"","neve_meta_enable_content_width":"off","neve_meta_content_width":0,"neve_meta_title_alignment":"","neve_meta_author_avatar":"","neve_post_elements_order":"","neve_meta_disable_header":"","neve_meta_disable_footer":"","neve_meta_disable_title":""},"categories":[5],"tags":[],"_links":{"self":[{"href":"https:\/\/bpzoliborz.pl\/bpzoliborz\/index.php\/wp-json\/wp\/v2\/posts\/1723"}],"collection":[{"href":"https:\/\/bpzoliborz.pl\/bpzoliborz\/index.php\/wp-json\/wp\/v2\/posts"}],"about":[{"href":"https:\/\/bpzoliborz.pl\/bpzoliborz\/index.php\/wp-json\/wp\/v2\/types\/post"}],"author":[{"embeddable":true,"href":"https:\/\/bpzoliborz.pl\/bpzoliborz\/index.php\/wp-json\/wp\/v2\/users\/5"}],"replies":[{"embeddable":true,"href":"https:\/\/bpzoliborz.pl\/bpzoliborz\/index.php\/wp-json\/wp\/v2\/comments?post=1723"}],"version-history":[{"count":5,"href":"https:\/\/bpzoliborz.pl\/bpzoliborz\/index.php\/wp-json\/wp\/v2\/posts\/1723\/revisions"}],"predecessor-version":[{"id":2268,"href":"https:\/\/bpzoliborz.pl\/bpzoliborz\/index.php\/wp-json\/wp\/v2\/posts\/1723\/revisions\/2268"}],"wp:featuredmedia":[{"embeddable":true,"href":"https:\/\/bpzoliborz.pl\/bpzoliborz\/index.php\/wp-json\/wp\/v2\/media\/1905"}],"wp:attachment":[{"href":"https:\/\/bpzoliborz.pl\/bpzoliborz\/index.php\/wp-json\/wp\/v2\/media?parent=1723"}],"wp:term":[{"taxonomy":"category","embeddable":true,"href":"https:\/\/bpzoliborz.pl\/bpzoliborz\/index.php\/wp-json\/wp\/v2\/categories?post=1723"},{"taxonomy":"post_tag","embeddable":true,"href":"https:\/\/bpzoliborz.pl\/bpzoliborz\/index.php\/wp-json\/wp\/v2\/tags?post=1723"}],"curies":[{"name":"wp","href":"https:\/\/api.w.org\/{rel}","templated":true}]}}